{"id":86376,"date":"2020-05-22T13:57:00","date_gmt":"2020-05-22T17:57:00","guid":{"rendered":"https:\/\/linitiative.ca\/International\/noureddine-bedoui-auditionne-a-deux-reprises\/"},"modified":"2020-05-22T13:57:00","modified_gmt":"2020-05-22T17:57:00","slug":"noureddine-bedoui-auditionne-a-deux-reprises","status":"publish","type":"post","link":"https:\/\/linitiative.ca\/International\/noureddine-bedoui-auditionne-a-deux-reprises\/","title":{"rendered":"Noureddine Bedoui auditionn\u00e9 \u00e0 deux reprises"},"content":{"rendered":"<p><br id=\"sep_para_1\" class=\"sep_para access\"\/><\/p>\n<div id=\"para_1\" class=\"para_37098687 resize\">\n<div class=\"photo shadow left\"><a href=\"javascript:void(0)\" rel=\"https:\/\/www.reflexiondz.net\/photo\/art\/grande\/46423025-37098687.jpg?v=1590175114&amp;ibox\" title=\"Noureddine Bedoui auditionn\u00e9 \u00e0 deux reprises\"><img decoding=\"async\" class=\"responsive c9\" src=\"https:\/\/www.reflexiondz.net\/photo\/art\/grande\/46423025-37098687.jpg?v=1590175114\" alt=\"Noureddine Bedoui auditionn\u00e9 \u00e0 deux reprises\" title=\"Noureddine Bedoui auditionn\u00e9 \u00e0 deux reprises\"\/><img decoding=\"async\" class=\"not-responsive\" src=\"https:\/\/www.reflexiondz.net\/photo\/art\/default\/46423025-37098687.jpg?v=1590175114\" alt=\"Noureddine Bedoui auditionn\u00e9 \u00e0 deux reprises\" title=\"Noureddine Bedoui auditionn\u00e9 \u00e0 deux reprises\"\/><\/a><\/div>\n<div class=\"texte access firstletter\">L\u2019ancien premier ministre Noureddine Bedoui a \u00e9t\u00e9 auditionn\u00e9, ces derniers jours, dans le cadre de deux affaires ; \u00e0 savoir : l\u2019affaire de l\u2019ancien DGSN Abdelghani Hamel, et l\u2019affaire du 5e mandat de Abdelaziz Bouteflika, a rapport\u00e9 jeudi le quotidien le Soir d\u2019Alg\u00e9rie. Concernant l\u2019affaire de Hamel, dont le proc\u00e8s en appel est programm\u00e9 pour le 31 mai prochain, Bedoui a \u00e9t\u00e9 auditionn\u00e9 sur une directive adress\u00e9e par ses services, alors ministre de l\u2019Int\u00e9rieur \u00e0 cette \u00e9poque. Cette directive consiste \u00e0 \u00ab l\u2019annulation d\u2019une d\u00e9cision de justice interdisant l\u2019octroi d\u2019un terrain de 14 000 m\u00e8tres carr\u00e9s aux fils Hamel \u00bb. Dans cette affaire, l\u2019ancien premier ministre \u00e9t\u00e9 \u00e9cout\u00e9 en qualit\u00e9 de t\u00e9moin. Quelques jours apr\u00e8s, Bedoui a \u00e9t\u00e9 auditionn\u00e9 par la Cour supr\u00eame dans le cadre de l\u2019affaire de la compagne \u00e9lectorale du cinqui\u00e8me mandat du pr\u00e9sident d\u00e9chu Abdelaziz Bouteflika. Il s\u2019agit pr\u00e9cis\u00e9ment des \u00ab 5 millions de signatures collect\u00e9es au profit de Abdelaziz Bouteflika \u00bb. L\u2019enqu\u00eate a r\u00e9v\u00e9l\u00e9 \u00ab l\u2019existence d\u2019un tr\u00e8s grand nombre de fausses signatures et d\u2019usurpation d\u2019identit\u00e9 \u00bb.<\/div>\n<\/div>\n<p>Auteur: R\u00e9flexion<br \/>\n<a href=\"https:\/\/www.reflexiondz.net\/Noureddine-Bedoui-auditionne-a-deux-reprises_a62891.html\">Cliquez ici pour lire l&rsquo;article depuis sa source.<\/a><\/p>\n","protected":false},"excerpt":{"rendered":"<p>L\u2019ancien premier ministre Noureddine Bedoui a \u00e9t\u00e9 auditionn\u00e9, ces derniers jours, dans le cadre de deux affaires ; \u00e0 savoir : l\u2019affaire de l\u2019ancien DGSN Abdelghani Hamel, et l\u2019affaire du 5e mandat de Abdelaziz Bouteflika, a rapport\u00e9 jeudi le quotidien le Soir d\u2019Alg\u00e9rie. Concernant l\u2019affaire de Hamel, dont le proc\u00e8s en appel est programm\u00e9 pour [&hellip;]<\/p>\n","protected":false},"author":1740,"featured_media":0,"comment_status":"closed","ping_status":"closed","sticky":false,"template":"","format":"standard","meta":{"fifu_image_url":"","fifu_image_alt":"","footnotes":""},"categories":[53,76],"tags":[],"class_list":["post-86376","post","type-post","status-publish","format-standard","hentry","category-algerie","category-regions"],"_links":{"self":[{"href":"https:\/\/linitiative.ca\/International\/wp-json\/wp\/v2\/posts\/86376","targetHints":{"allow":["GET"]}}],"collection":[{"href":"https:\/\/linitiative.ca\/International\/wp-json\/wp\/v2\/posts"}],"about":[{"href":"https:\/\/linitiative.ca\/International\/wp-json\/wp\/v2\/types\/post"}],"author":[{"embeddable":true,"href":"https:\/\/linitiative.ca\/International\/wp-json\/wp\/v2\/users\/1740"}],"replies":[{"embeddable":true,"href":"https:\/\/linitiative.ca\/International\/wp-json\/wp\/v2\/comments?post=86376"}],"version-history":[{"count":0,"href":"https:\/\/linitiative.ca\/International\/wp-json\/wp\/v2\/posts\/86376\/revisions"}],"wp:attachment":[{"href":"https:\/\/linitiative.ca\/International\/wp-json\/wp\/v2\/media?parent=86376"}],"wp:term":[{"taxonomy":"category","embeddable":true,"href":"https:\/\/linitiative.ca\/International\/wp-json\/wp\/v2\/categories?post=86376"},{"taxonomy":"post_tag","embeddable":true,"href":"https:\/\/linitiative.ca\/International\/wp-json\/wp\/v2\/tags?post=86376"}],"curies":[{"name":"wp","href":"https:\/\/api.w.org\/{rel}","templated":true}]}}