{"id":86377,"date":"2020-05-22T13:57:00","date_gmt":"2020-05-22T17:57:00","guid":{"rendered":"https:\/\/linitiative.ca\/International\/la-fin-de-cheikh-shamessedine-sur-ennahar-tv\/"},"modified":"2020-05-22T13:57:00","modified_gmt":"2020-05-22T17:57:00","slug":"la-fin-de-cheikh-shamessedine-sur-ennahar-tv","status":"publish","type":"post","link":"https:\/\/linitiative.ca\/International\/la-fin-de-cheikh-shamessedine-sur-ennahar-tv\/","title":{"rendered":"La fin de Cheikh Shamessedine sur Ennahar TV"},"content":{"rendered":"<p><br id=\"sep_para_1\" class=\"sep_para access\"\/><\/p>\n<div id=\"para_1\" class=\"para_37098683 resize\">\n<div class=\"photo shadow left\"><a href=\"javascript:void(0)\" rel=\"https:\/\/www.reflexiondz.net\/photo\/art\/grande\/46423023-37098683.jpg?v=1590175122&amp;ibox\" title=\"La fin de Cheikh Shamessedine sur Ennahar TV\"><img decoding=\"async\" class=\"responsive c9\" src=\"https:\/\/www.reflexiondz.net\/photo\/art\/grande\/46423023-37098683.jpg?v=1590175122\" alt=\"La fin de Cheikh Shamessedine sur Ennahar TV\" title=\"La fin de Cheikh Shamessedine sur Ennahar TV\"\/><img decoding=\"async\" class=\"not-responsive\" src=\"https:\/\/www.reflexiondz.net\/photo\/art\/default\/46423023-37098683.jpg?v=1590175123\" alt=\"La fin de Cheikh Shamessedine sur Ennahar TV\" title=\"La fin de Cheikh Shamessedine sur Ennahar TV\"\/><\/a><\/div>\n<div class=\"texte access firstletter\">La responsable de la cha\u00eene de t\u00e9l\u00e9vision priv\u00e9e \u00ab Ennahar TV \u00bb, Souad Azouz,\u00a0 a \u00e9t\u00e9 convoqu\u00e9e,\u00a0 jeudi, par le pr\u00e9sident de l\u2019Autorit\u00e9 de r\u00e9gulation de l\u2019audiovisuel (ARAV). Dans un communiqu\u00e9 rendu public, l\u2019Arav a indiqu\u00e9 que la responsable d\u2019Ennahar a \u00e9t\u00e9 convoqu\u00e9e suite \u00e0 une plainte re\u00e7ue par le minist\u00e8re des Affaires religieuses concernant la diffusion de \u00ab d\u00e9passements dangereux \u00bb contestant la fatwa permettant d\u2019avancer l\u2019acquittement de zakat El Fitr. \u00ab Le pr\u00e9sident de l\u2019ARAV a convoqu\u00e9 la responsable de la chaine \u00ab Ennahar TV \u00bb pour fournir des explications sur le contenu d\u2019un \u00e9pisode du programme \u00ab Insahouni \u00bb dans lequel le pr\u00e9sentateur Cheikh Shamessedine a consid\u00e8r\u00e9 que la fetwa \u00e9mise par la commission minist\u00e9rielle permettant d\u2019avancer la zakat deux ou trois jours avant l\u2019A\u00efd El Fitr est \u00ab une aum\u00f4ne (sadaka) dont il faut s\u2019acquitter \u00e0 nouveau \u00bb, lit- on dans le communiqu\u00e9 de l\u2019ARAV. Le pr\u00e9sident de l\u2019ARAV a rappel\u00e9 \u00e0 la responsable de la chaine \u00ab l\u2019imp\u00e9ratif engagement quant au service public et le n\u00e9cessaire respect de l\u2019ordre public et de l\u2019int\u00e9r\u00eat g\u00e9n\u00e9ral outre l\u2019application de la loi par toutes les chaines audiovisuelles \u00bb<\/div>\n<\/div>\n<p>Auteur: R\u00e9flexion<br \/>\n<a href=\"https:\/\/www.reflexiondz.net\/La-fin-de-Cheikh-Shamessedine-sur-Ennahar-TV_a62889.html\">Cliquez ici pour lire l&rsquo;article depuis sa source.<\/a><\/p>\n","protected":false},"excerpt":{"rendered":"<p>La responsable de la cha\u00eene de t\u00e9l\u00e9vision priv\u00e9e \u00ab Ennahar TV \u00bb, Souad Azouz,\u00a0 a \u00e9t\u00e9 convoqu\u00e9e,\u00a0 jeudi, par le pr\u00e9sident de l\u2019Autorit\u00e9 de r\u00e9gulation de l\u2019audiovisuel (ARAV). Dans un communiqu\u00e9 rendu public, l\u2019Arav a indiqu\u00e9 que la responsable d\u2019Ennahar a \u00e9t\u00e9 convoqu\u00e9e suite \u00e0 une plainte re\u00e7ue par le minist\u00e8re des Affaires religieuses concernant [&hellip;]<\/p>\n","protected":false},"author":1740,"featured_media":0,"comment_status":"closed","ping_status":"closed","sticky":false,"template":"","format":"standard","meta":{"fifu_image_url":"","fifu_image_alt":"","footnotes":""},"categories":[53,76],"tags":[],"class_list":["post-86377","post","type-post","status-publish","format-standard","hentry","category-algerie","category-regions"],"_links":{"self":[{"href":"https:\/\/linitiative.ca\/International\/wp-json\/wp\/v2\/posts\/86377","targetHints":{"allow":["GET"]}}],"collection":[{"href":"https:\/\/linitiative.ca\/International\/wp-json\/wp\/v2\/posts"}],"about":[{"href":"https:\/\/linitiative.ca\/International\/wp-json\/wp\/v2\/types\/post"}],"author":[{"embeddable":true,"href":"https:\/\/linitiative.ca\/International\/wp-json\/wp\/v2\/users\/1740"}],"replies":[{"embeddable":true,"href":"https:\/\/linitiative.ca\/International\/wp-json\/wp\/v2\/comments?post=86377"}],"version-history":[{"count":0,"href":"https:\/\/linitiative.ca\/International\/wp-json\/wp\/v2\/posts\/86377\/revisions"}],"wp:attachment":[{"href":"https:\/\/linitiative.ca\/International\/wp-json\/wp\/v2\/media?parent=86377"}],"wp:term":[{"taxonomy":"category","embeddable":true,"href":"https:\/\/linitiative.ca\/International\/wp-json\/wp\/v2\/categories?post=86377"},{"taxonomy":"post_tag","embeddable":true,"href":"https:\/\/linitiative.ca\/International\/wp-json\/wp\/v2\/tags?post=86377"}],"curies":[{"name":"wp","href":"https:\/\/api.w.org\/{rel}","templated":true}]}}