{"id":86378,"date":"2020-05-22T14:56:00","date_gmt":"2020-05-22T18:56:00","guid":{"rendered":"https:\/\/linitiative.ca\/International\/coronavirus-plus-de-5-millions-de-cas-confirmes-dans-le-monde\/"},"modified":"2020-05-22T14:56:00","modified_gmt":"2020-05-22T18:56:00","slug":"coronavirus-plus-de-5-millions-de-cas-confirmes-dans-le-monde","status":"publish","type":"post","link":"https:\/\/linitiative.ca\/International\/coronavirus-plus-de-5-millions-de-cas-confirmes-dans-le-monde\/","title":{"rendered":"CORONAVIRUS : Plus de 5 millions de cas confirm\u00e9s dans le monde"},"content":{"rendered":"<p><br id=\"sep_para_1\" class=\"sep_para access\"\/><\/p>\n<div id=\"para_1\" class=\"para_37099345 resize\">\n<div class=\"photo shadow left\"><a href=\"javascript:void(0)\" rel=\"https:\/\/www.reflexiondz.net\/photo\/art\/grande\/46425124-37099345.jpg?v=1590175104&amp;ibox\" title=\"CORONAVIRUS : Plus de 5 millions de cas confirm\u00e9s dans le monde\"><img decoding=\"async\" class=\"responsive c9\" src=\"https:\/\/www.reflexiondz.net\/photo\/art\/grande\/46425124-37099345.jpg?v=1590175104\" alt=\"CORONAVIRUS : Plus de 5 millions de cas confirm\u00e9s dans le monde\" title=\"CORONAVIRUS : Plus de 5 millions de cas confirm\u00e9s dans le monde\"\/><img decoding=\"async\" class=\"not-responsive\" src=\"https:\/\/www.reflexiondz.net\/photo\/art\/default\/46425124-37099345.jpg?v=1590175105\" alt=\"CORONAVIRUS : Plus de 5 millions de cas confirm\u00e9s dans le monde\" title=\"CORONAVIRUS : Plus de 5 millions de cas confirm\u00e9s dans le monde\"\/><\/a><\/div>\n<div class=\"texte access firstletter\">En Chine, o\u00f9 l&rsquo;\u00e9pid\u00e9mie est officiellement apparue en d\u00e9cembre dans la ville de Wuhan, les 3.000 d\u00e9put\u00e9s de l&rsquo;Assembl\u00e9e nationale populaire (ANP) vont quant \u00e0 eux se r\u00e9unir \u00e0 partir de vendredi pour la grand-messe annuelle du r\u00e9gime communiste, l'\u00a0\u00bboccasion\u00a0\u00bb pour le pr\u00e9sident Xi Jinping de \u00ab\u00a0proclamer la victoire totale dans &lsquo;la guerre populaire&rsquo; contre le virus\u00a0\u00bb, pr\u00e9dit la politologue Diana Fu, de l&rsquo;Universit\u00e9 de Toronto au Canada. Et ce m\u00eame si ce pays redoute une deuxi\u00e8me vague apr\u00e8s la r\u00e9surgence du Covid-19 dans certains endroits ces derni\u00e8res semaines. Sur la plan\u00e8te, le nombre des cas de contamination officiellement diagnostiqu\u00e9s a doubl\u00e9 en un mois pour atteindre pr\u00e8s de 5,05 millions, parmi lesquels pr\u00e8s de 330.000 d\u00e9c\u00e8s, selon un comptage de l&rsquo;AFP jeudi soir. Si ce bilan est sans doute largement sous-\u00e9valu\u00e9, les donn\u00e9es recueillies aupr\u00e8s de sources officielles r\u00e9v\u00e8lent une acc\u00e9l\u00e9ration du nombre des nouveaux cas, notamment ces dix derniers jours. Continent le plus touch\u00e9 avec pr\u00e8s de deux millions de cas, dont plus de 170.000 mortels, l&rsquo;Europe progresse n\u00e9anmoins sur la voie d&rsquo;une tr\u00e8s lente normalisation. Apr\u00e8s deux mois de confinement, Chypre a rouvert ses caf\u00e9s, restaurants en plein air et salons de coiffure ainsi que des \u00e9coles. Si les plages vont aussi rouvrir samedi -pour les baignades, pas pour le bronzage-, a\u00e9roports et h\u00f4tels restent ferm\u00e9s, prolongeant le supplice du secteur touristique, crucial pour l&rsquo;\u00e9conomie de ce pays. Au Botswana, les centres commerciaux de la capitale Gaborone ont retrouv\u00e9 leurs clients et ses grandes art\u00e8res leurs embouteillages \u00e0 l&rsquo;issue de 48 jours de confinement, tandis que la Serbie a annonc\u00e9 la r\u00e9ouverture de ses fronti\u00e8res, ferm\u00e9es depuis le 15 mars, et que la Tunisie a d\u00e9cid\u00e9 de rouvrir le 4 juin les mosqu\u00e9es ainsi que les caf\u00e9s, les restaurants et les h\u00f4tels. Des avanc\u00e9es qui s&rsquo;accompagnent de la crainte d&rsquo;une remont\u00e9e en puissance de la pand\u00e9mie. Soleil printanier aidant, le retour de l&rsquo;ap\u00e9ro en terrasse en Italie a ainsi alarm\u00e9 les autorit\u00e9s. \u00ab\u00a0Ce n&rsquo;est pas le moment pour la f\u00eate !\u00a0\u00bb, a pr\u00e9venu le Premier ministre Giuseppe Conte.<\/div>\n<\/div>\n<p>Auteur: Ismain<br \/>\n<a href=\"https:\/\/www.reflexiondz.net\/CORONAVIRUS-Plus-de-5-millions-de-cas-confirmes-dans-le-monde_a62892.html\">Cliquez ici pour lire l&rsquo;article depuis sa source.<\/a><\/p>\n","protected":false},"excerpt":{"rendered":"<p>En Chine, o\u00f9 l&rsquo;\u00e9pid\u00e9mie est officiellement apparue en d\u00e9cembre dans la ville de Wuhan, les 3.000 d\u00e9put\u00e9s de l&rsquo;Assembl\u00e9e nationale populaire (ANP) vont quant \u00e0 eux se r\u00e9unir \u00e0 partir de vendredi pour la grand-messe annuelle du r\u00e9gime communiste, l&rsquo;\u00a0\u00bboccasion\u00a0\u00bb pour le pr\u00e9sident Xi Jinping de \u00ab\u00a0proclamer la victoire totale dans &lsquo;la guerre populaire&rsquo; contre [&hellip;]<\/p>\n","protected":false},"author":1740,"featured_media":0,"comment_status":"closed","ping_status":"closed","sticky":false,"template":"","format":"standard","meta":{"fifu_image_url":"","fifu_image_alt":"","footnotes":""},"categories":[53,76],"tags":[],"class_list":["post-86378","post","type-post","status-publish","format-standard","hentry","category-algerie","category-regions"],"_links":{"self":[{"href":"https:\/\/linitiative.ca\/International\/wp-json\/wp\/v2\/posts\/86378","targetHints":{"allow":["GET"]}}],"collection":[{"href":"https:\/\/linitiative.ca\/International\/wp-json\/wp\/v2\/posts"}],"about":[{"href":"https:\/\/linitiative.ca\/International\/wp-json\/wp\/v2\/types\/post"}],"author":[{"embeddable":true,"href":"https:\/\/linitiative.ca\/International\/wp-json\/wp\/v2\/users\/1740"}],"replies":[{"embeddable":true,"href":"https:\/\/linitiative.ca\/International\/wp-json\/wp\/v2\/comments?post=86378"}],"version-history":[{"count":0,"href":"https:\/\/linitiative.ca\/International\/wp-json\/wp\/v2\/posts\/86378\/revisions"}],"wp:attachment":[{"href":"https:\/\/linitiative.ca\/International\/wp-json\/wp\/v2\/media?parent=86378"}],"wp:term":[{"taxonomy":"category","embeddable":true,"href":"https:\/\/linitiative.ca\/International\/wp-json\/wp\/v2\/categories?post=86378"},{"taxonomy":"post_tag","embeddable":true,"href":"https:\/\/linitiative.ca\/International\/wp-json\/wp\/v2\/tags?post=86378"}],"curies":[{"name":"wp","href":"https:\/\/api.w.org\/{rel}","templated":true}]}}