{"id":86383,"date":"2020-05-22T05:30:00","date_gmt":"2020-05-22T09:30:00","guid":{"rendered":"https:\/\/linitiative.ca\/International\/nadia-chaabane-et-amira-yaakoubi-ministere-public-ou-instrument-de-censure\/"},"modified":"2020-05-22T05:30:00","modified_gmt":"2020-05-22T09:30:00","slug":"nadia-chaabane-et-amira-yaakoubi-ministere-public-ou-instrument-de-censure","status":"publish","type":"post","link":"https:\/\/linitiative.ca\/International\/nadia-chaabane-et-amira-yaakoubi-ministere-public-ou-instrument-de-censure\/","title":{"rendered":"Nadia Chaabane et Amira Yaakoubi: Minist\u00e8re public ou instrument de censure ?"},"content":{"rendered":"<p>Depuis quelques ann\u00e9es, sous l\u2019action conjugu\u00e9e de la police et de la justice tunisiennes, des arrestations arbitraires portant atteintes \u00e0 la vie priv\u00e9e, des humiliations, des interdits de toutes sortes, ont \u00e9t\u00e9 invoqu\u00e9s pour tenter de contr\u00f4ler nos libert\u00e9s. M\u00eame apr\u00e8s la r\u00e9volution, ces agissements ont continu\u00e9 au nom de la morale, de l\u2019atteinte aux m\u0153urs et tous les mois de ramadan on voit leur z\u00e8le se d\u00e9multiplier avec ou \u00e0 cause d\u2019une lame de fond islamo-conservatrice revenue au-devant de la sc\u00e8ne politique. Cette ann\u00e9e, ce couple z\u00e9l\u00e9 a \u00e9t\u00e9 priv\u00e9 de chasse aux Fattaras pour cause de confinement et couvre-feu. Caf\u00e9 et restaurant \u00e9tant ferm\u00e9s de jour comme de nuit, c\u2019est la premi\u00e8re fois depuis 4 ou 5 ans que nous n\u2019avons pas eu droit \u00e0 un d\u00e9bat autour de la circulaire Mzali, de juillet 1981.\u00a0<\/p>\n<p>Comme il leur fallait quelques choses \u00e0 se mettre sous la dent pour satisfaire leur qu\u00eate de petits points qui pourraient leur ouvrir les portes du paradis, ils ont trouv\u00e9 un autre moyen et se sont rabattus sur Facebook\u00a0 pour s\u00e9vir et tenter d\u2019\u00e9duquer notre esprit et nos pr\u00e9f\u00e9rences esth\u00e9tiques. Ils ont jet\u00e9 leur d\u00e9volu sur une jeune femme qui a eu le malheur de partager un post qui portait sur le covid19. A priori rien d\u2019extraordinaire \u00e9tant donn\u00e9 que c\u2019est la pr\u00e9occupation du moment de tout le pays, or, ce post pr\u00e9sente une particularit\u00e9 : c\u2019est une sorte de po\u00e8me calligraphi\u00e9 et usant des fioritures un peu comme le texte du coran. Une sorte d\u2019exercice de style assez courant car utilis\u00e9 dans beaucoup de livres et discours politique et il nous semble que le pr\u00e9sident de la r\u00e9publique a eu recours \u00e0 cela il y a peu temps.\u00a0<\/p>\n<p>Le minist\u00e8re public lui est tomb\u00e9 dessus suite \u00e0 la d\u00e9nonciation d\u2019un d\u00e9lateur qui s\u2019est autoproclam\u00e9 \u00ab s\u00e9curit\u00e9 de l\u2019\u00e9tat \u00bb. Je doute qu\u2019une page Facebook portant ce nom puisse \u00eatre r\u00e9ellement celle de la s\u00e9curit\u00e9 de l\u2019\u00e9tat, si c\u2019est le cas c\u2019est r\u00e9ellement inqui\u00e9tant et si c\u2019est une usurpation \u00e7a l\u2019est autant. Comme peut-on opter pour ce type de pseudo fortuitement. Jouer \u00e0 l\u2019 \u00ab indic \u00bb et jouer au d\u00e9lateur est un r\u00f4le peu flatteur et peu enviable et l\u00e0 en l\u2019occurrence, cette d\u00e9lation s\u2019exerce contre la libert\u00e9 d\u2019expression et plus concr\u00e8tement contre la libert\u00e9 de \u00ab blaguer \u00bb, le texte incrimin\u00e9 ayant cette caract\u00e9ristique.\u00a0<\/p>\n<p>L\u2019inqui\u00e9tant dans les faits est que le minist\u00e8re public a convoqu\u00e9 la jeune femme, l\u2019a auditionn\u00e9 en refusant la pr\u00e9sence de son avocate pendant plusieurs heures et d\u00e9cid\u00e9 d\u2019entamer des poursuites \u00e0 son encontre sur la foi d\u2019un \u00ab faux profil \u00bb <a href=\"https:\/\/akhbarmouwatana.com\/%D8%AF%D8%B1%D8%A7%D8%B3%D8%A9-80-%D9%85%D9%86-%D8%AF%D8%A7%D8%B9%D9%85%D9%8A-%D8%A7%D9%84%D9%86%D9%87%D8%B6%D8%A9-%D8%B9%D9%84%D9%89-%D8%A7%D9%84%D9%81%D8%A7%D9%8A%D8%B3%D8%A8%D9%88%D9%83-%D8%AD\/?fbclid=IwAR1rHRW8tXgcXflvU8xTDd9ovdysKxb_6G2xgPwPqEfJI7W_-KSiQO6sBX8\" target=\"_blank\" rel=\"noopener noreferrer\">parmi les quelques milliers \u00e0 la solde des islamistes<\/a>.<\/p>\n<p>Les chefs d\u2019inculpation sont pour le moins aussi inqui\u00e9tants que surprenants, les textes sur la base desquels elle est poursuivie le sont encore plus. Les poursuites sont en effet sur la base des articles 52 et 53 du d\u00e9cret-loi n \u00b0 115-2011 sur la libert\u00e9 de la presse,\u00a0 le d\u00e9lit\u00a0 \u00ab d\u2019incitation \u00e0 la haine entre \u00ab les genres, les religions ou les populations, en appelant \u00e0 la discrimination et en utilisant des proc\u00e9d\u00e9s hostiles ou \u00e0 la violence ou \u00e0 la propagation d\u2019opinions fond\u00e9es sur la s\u00e9gr\u00e9gation raciale \u00bb ou en \u00ab portant atteinte \u00e0 l&rsquo;un des rites religieux \u00bb. Curieusement la jeune femme n\u2019est pas journaliste et n\u2019a pas \u00e9crit le texte incrimin\u00e9. A ce compte-l\u00e0 il faudrait poursuivre pour diffamation tous ceux qui partagent des Fake-news, diffusent de fausse info, etc.\u00a0<\/p>\n<p>Passons sur les confusions, dans lesquelles se sont emp\u00eatr\u00e9 le minist\u00e8re public, et son oubli de son propre r\u00f4le \u00ab protection des droits et des libert\u00e9s \u00bb et observons le post incrimin\u00e9. Qu\u2019est-ce qu\u2019il a de ci particulier ? Il n\u2019y a pas un seul mot qui pourrait porter \u00ab atteintes aux sacr\u00e9s \u00bb puisqu\u2019il parle de corona, de maladie, de faire attention, d\u2019\u00e9galit\u00e9 entre les rois et les esclaves face \u00e0 la maladie, de se laver les mains \u00bb jusque-l\u00e0 on ne voit gu\u00e8re la dangerosit\u00e9 des propos tenus.\u00a0<\/p>\n<p>Elle a juste adopt\u00e9 la forme, de la prose rim\u00e9e (saj&rsquo;) et de l&rsquo;alignement des versets.<\/p>\n<p>Ces censeurs autoproclam\u00e9s interpr\u00e8tent les normes et tentent de nous les imposer. Ils font preuve d\u2019une ignorance indescriptible. Ils ignorent jusqu\u2019\u00e0 l\u2019existence de milliers d\u2019ouvrages qui ont puis\u00e9 dans les traditions calligraphiques pour pr\u00e9senter leurs po\u00e9sies et leurs contes. Des textes qui n\u2019ont rien de religieux vantant les plaisirs de la vie, les boissons et la d\u00e9bauche. Des ouvrages qu\u2019on retrouve sur les rayons des libraires et des biblioth\u00e8ques, accessibles \u00e0 tous et ne provocant aucunement l\u2019opprobre.\u00a0<\/p>\n<p>C\u2019est \u00e0 croire qu\u2019une partie de la Tunisie est manipul\u00e9e aujourd\u2019hui par une poign\u00e9e d\u2019ignares plong\u00e9s dans une forme de religiosit\u00e9 au point de perdre le discernement, traquer les gens sur Facebook par des menaces, des insultes et diffamant \u00e0 tour de bras tous ceux qui ne partagent pas leur point de vue et instrumentalisant parfois les outils de l\u2018\u00e9tat pour d\u00e9montrer la pr\u00e9valence de leur propre appr\u00e9ciation sur la constitution, l\u2019\u00e9tat civil et la d\u00e9mocratie.<\/p>\n<p>M\u00eame les blagues n\u2019\u00e9chappent pas \u00e0 leurs diatribes et leurs haines. Ils se sont \u00e9rig\u00e9s en redresseur des normes et tentent d\u2019imposer une vision du monde morbide et mortif\u00e8re. Cette minorit\u00e9 b\u00e9n\u00e9ficie au mois de Ramadan, d\u2019une sorte de retour de la pi\u00e9t\u00e9 chez une majorit\u00e9 silencieuse dans la soci\u00e9t\u00e9 et beaucoup s\u2019efforcent de paraitre dans l\u2019habit du fervent d\u00e9fenseur de la morale et de la religion. Certains vont m\u00eame jusqu\u2019\u00e0 traquer les gens sur les r\u00e9seaux sociaux pour bien se faire voir. Ils pensent peut-\u00eatre qu\u2019en collectionnant les \u00ab likes \u00bb, ils vont s\u2019ouvrir des voies c\u00e9lestes qui les conduiraient tout droit \u00e0 un paradis r\u00eav\u00e9 oubliant que la spiritualit\u00e9 est bien loin de toute cette agitation et qu\u2019elle est surtout amour et tol\u00e9rance.<\/p>\n<p>En quoi une religion suivie par plus d\u2019un milliard de personnes aurait-elle besoin de petits soldats pour veiller sur elle ?<\/p>\n<p>Entre temps, une jeune femme se retrouve menac\u00e9e et insult\u00e9e sur les r\u00e9seaux sociaux dans des termes qui tombent sous le coup de la loi et le minist\u00e8re public un minist\u00e8re public drap\u00e9 dans sa cape de justicier de dieu, semble \u00eatre compl\u00e8tement sourd \u00e0 ce d\u00e9chainement de haine et d\u2019insultes et menaces.<br \/>Convoquer des personnes par voie d\u2019autorit\u00e9s judiciaires et polici\u00e8res, en les interrogeant et en les traduisant devant les tribunaux pour des motifs futiles est une man\u0153uvre d&rsquo;intimidation qui vise \u00e0 faire taire toute libert\u00e9 d\u2019expression et \u00e0 remettre en cause la libert\u00e9 de conscience.\u00a0 Ces z\u00e9lateurs obscurantistes occultent un principe fondamental \u00e0 savoir que les libert\u00e9s individuelles ne sont pas une option, mais des droits fondamentaux dont leur garantie incombe \u00e0 l\u2019\u00e9tat et que leur protection est une condition fondamentale de la d\u00e9mocratie. Par ailleurs, <span class=\"c2\"><strong>le minist\u00e8re public a pour premi\u00e8re mission de prot\u00e9ger les gens de toutes menaces qui pourraient peser sur eux et de surtout prot\u00e9ger les libert\u00e9s.<\/strong><\/span> Le contribuable devrait pouvoir poursuivre, ceux qui d\u00e9vient de leurs missions, pour abus de pouvoir, atteinte aux libert\u00e9s et gaspillage des deniers publics.<\/p>\n<p>Il est extr\u00eamement inqui\u00e9tant de voir qu\u2019un simple pastiche devienne une affaire publique et mobilise la justice.<\/p>\n<p>Je crains qu\u2019\u00e0 force de tol\u00e9rer ce type de d\u00e9rapage et atteinte aux libert\u00e9s on en vienne un jour \u00e0 interdire les livres d\u2019al Mutanabbi qui a beaucoup us\u00e9 du pastiche, ou \u00abhaddatha Abou houraira \u00bb, de Mahmoud El Messadii du programme scolaire, ou cheikh Nafzaoui des rayons des libraires\u2026<\/p>\n<p>Allons-nous faire la chasse \u00e0 toutes les blagues qui parlent de religions ?<\/p>\n<p>Est-ce que cette blague que nous vous proposons, pour terminer, va nous valoir des poursuites en justice. \u00ab Pourquoi Dieu a cr\u00e9\u00e9 l&rsquo;homme avant la femme ?<\/p>\n<p>&#8211; Parce qu&rsquo;il faut toujours un brouillon avant de faire un chef d&rsquo;\u0153uvre&#8230; \u00bb<\/p>\n<p>Personne n\u2019a jamais appel\u00e9 \u00e0 interdire cette blague qui contient pourtant un \u00ab pastiche \u00bb car chacun de nous dispose d\u2019une capacit\u00e9 de discernement et sait d\u00e9crypter les contextes et les registres de langue.<\/p>\n<p>Restons mobilis\u00e9s pour Emna Chargui car Ammar 404 n&rsquo;a pas disparu. Il a une barbe plus longue et aspire \u00e0 des restrictions plus drastiques.<\/p>\n<p class=\"c3\"><strong>Nadia Chaabane et Amira Yaakoubi<\/strong><\/p>\n<p>Auteur:<br \/>\n<a href=\"https:\/\/www.leaders.com.tn\/article\/29967-nadia-chaabane-et-amira-yaakoubi-ministere-public-ou-instrument-de-censure\">Cliquez ici pour lire l&rsquo;article depuis sa source.<\/a><\/p>\n","protected":false},"excerpt":{"rendered":"<p>Depuis quelques ann\u00e9es, sous l\u2019action conjugu\u00e9e de la police et de la justice tunisiennes, des arrestations arbitraires portant atteintes \u00e0 la vie priv\u00e9e, des humiliations, des interdits de toutes sortes, ont \u00e9t\u00e9 invoqu\u00e9s pour tenter de contr\u00f4ler nos libert\u00e9s. M\u00eame apr\u00e8s la r\u00e9volution, ces agissements ont continu\u00e9 au nom de la morale, de l\u2019atteinte aux [&hellip;]<\/p>\n","protected":false},"author":1772,"featured_media":0,"comment_status":"closed","ping_status":"closed","sticky":false,"template":"","format":"standard","meta":{"fifu_image_url":"","fifu_image_alt":"","footnotes":""},"categories":[73,55],"tags":[],"class_list":["post-86383","post","type-post","status-publish","format-standard","hentry","category-actualite","category-tunisie"],"_links":{"self":[{"href":"https:\/\/linitiative.ca\/International\/wp-json\/wp\/v2\/posts\/86383","targetHints":{"allow":["GET"]}}],"collection":[{"href":"https:\/\/linitiative.ca\/International\/wp-json\/wp\/v2\/posts"}],"about":[{"href":"https:\/\/linitiative.ca\/International\/wp-json\/wp\/v2\/types\/post"}],"author":[{"embeddable":true,"href":"https:\/\/linitiative.ca\/International\/wp-json\/wp\/v2\/users\/1772"}],"replies":[{"embeddable":true,"href":"https:\/\/linitiative.ca\/International\/wp-json\/wp\/v2\/comments?post=86383"}],"version-history":[{"count":0,"href":"https:\/\/linitiative.ca\/International\/wp-json\/wp\/v2\/posts\/86383\/revisions"}],"wp:attachment":[{"href":"https:\/\/linitiative.ca\/International\/wp-json\/wp\/v2\/media?parent=86383"}],"wp:term":[{"taxonomy":"category","embeddable":true,"href":"https:\/\/linitiative.ca\/International\/wp-json\/wp\/v2\/categories?post=86383"},{"taxonomy":"post_tag","embeddable":true,"href":"https:\/\/linitiative.ca\/International\/wp-json\/wp\/v2\/tags?post=86383"}],"curies":[{"name":"wp","href":"https:\/\/api.w.org\/{rel}","templated":true}]}}