{"id":86384,"date":"2020-05-22T08:38:00","date_gmt":"2020-05-22T12:38:00","guid":{"rendered":"https:\/\/linitiative.ca\/International\/une-population-a-la-loupe-celles-des-palestiniens-et-des-israeliens\/"},"modified":"2020-05-22T08:38:00","modified_gmt":"2020-05-22T12:38:00","slug":"une-population-a-la-loupe-celles-des-palestiniens-et-des-israeliens","status":"publish","type":"post","link":"https:\/\/linitiative.ca\/International\/une-population-a-la-loupe-celles-des-palestiniens-et-des-israeliens\/","title":{"rendered":"Une population \u00e0 la loupe&#8230; celles des Palestiniens et des Isra\u00e9liens"},"content":{"rendered":"<p><span class=\"c2\"><em><strong><img decoding=\"async\" src=\"\/uploads\/FCK_files\/Samir-Gharbi(10).jpg\" alt=\"\" width=\"30%\" vspace=\"5\" hspace=\"5\" align=\"right\"\/>Par Samir Gharbi &#8211;<\/strong><\/em><\/span> C\u2019est un sujet fort complexe parce qu\u2019il n\u2019est pas seulement d\u00e9mographique. Il est aussi politique, religieux, voire militaire: les peuples se mesuraient \u2013 et se mesurent \u2013 selon leur \u00abrapport de force\u00bb. Quand un peuple se sent \u00e0 l\u2019\u00e9troit, il commence par envahir son voisin proche ou lointain. L\u2019histoire nous le d\u00e9montre chaque jour ou presque depuis deux ou trois mille ans. Les empires s\u2019\u00e9taient b\u00e2tis ainsi avant de s\u2019effondrer : \u00e0 force de trop s\u2019\u00e9taler, ils ont fini par perdre leur puissance centrale. Le proverbe, toujours valable, dit bien : \u00abQui trop embrasse mal \u00e9treint\u00bb.<\/p>\n<p>Le colonialisme pr\u00e9tendait r\u00e9pandre des id\u00e9aux messianiques (le christianisme, l\u2019islam) et la \u00ab civilisation \u00bb (par d\u00e9finition occidentale)\u2026 Il r\u00e9pondait en fait \u00e0 un besoin vital d\u2019expansion territoriale en qu\u00eate d\u2019espaces, de ressources alimentaires, mini\u00e8res et autres richesses. Entre les envahisseurs et les envahis les rapports de force \u00e9taient trop in\u00e9galitaires, ouvrant la voie \u00e0 l\u2019exploitation, au pillage, \u00e0 l\u2019esclavage et \u00e0 l\u2019extermination des autochtones qu\u2019on appelait avec m\u00e9pris \u00abindig\u00e8nes\u00bb, \u00abbougnoules\u00bb, \u00abnoirs\u00bb, \u00abindiens\u00bb\u2026 puis apr\u00e8s \u00abprotestants\u00bb, \u00abjuifs\u00bb et \u00abmusulmans\u00bb\u2026<\/p>\n<p>Le plus terrible est de voir les victimes innocentes d\u2019hier se transformer \u2013 sans le moindre remords humain \u2013 en despotes sur de nouvelles victimes innocentes.<\/p>\n<p class=\"c3\"><img decoding=\"async\" src=\"\/uploads\/FCK_files\/Pphoto-1.jpg\" alt=\"\" width=\"100%\" vspace=\"5\" hspace=\"5\" align=\"middle\"\/><\/p>\n<p>Le plus terrible encore est de voir les responsables des massacres d\u2019hier se taire, fermer les yeux et se boucher les oreilles quand ils voient les miracul\u00e9s des pogroms et du nazisme reproduire les m\u00eames comportements de haine, de violence, d\u2019exclusion, d\u2019\u00e9limination\u2026 \u00e0 la mani\u00e8re d\u2019un n\u00e9o-g\u00e9nocide refa\u00e7onn\u00e9 visant cependant le m\u00eame objectif: faire tout ce qui est possible pour d\u00e9loger des habitants enracin\u00e9s depuis des g\u00e9n\u00e9rations afin de r\u00e9cup\u00e9rer leurs terres\u2026 Le terme ne changera jamais : il s\u2019agit bel et bien de colonisation forc\u00e9e, brutale, exp\u00e9ditive, terroriste\u2026 Cette politique rampante a commenc\u00e9 il y a plus d\u2019un si\u00e8cle et va s\u2019acc\u00e9l\u00e9rer avec la b\u00e9n\u00e9diction d\u2019un tout puissant alli\u00e9: les Etats-Unis d\u2019Am\u00e9rique, lequel n\u2019a pas le moindre remords : les derniers survivants indiens vivent aujourd\u2019hui dans des \u00abr\u00e9serves\u00bb. Avec le \u00abPlan Trump 2020\u00bb, les Palestiniens risquent de subir le m\u00eame sort : sur leurs propres terres annex\u00e9es, ils vont devoir vivre dans des \u00abr\u00e9serves\u00bb encercl\u00e9es et s\u2019ils ne sont pas contents, ils n\u2019auront qu\u2019\u00e0 partir ailleurs\u2026<\/p>\n<p class=\"c3\"><img decoding=\"async\" src=\"\/uploads\/FCK_files\/Graph-1(33).jpg\" alt=\"\" width=\"100%\" vspace=\"5\" hspace=\"5\" align=\"middle\"\/><\/p>\n<p>Le plus terrible aujourd\u2019hui est de voir la premi\u00e8re puissance \u00e9conomique et militaire de la plan\u00e8te approuver, encourager, couvrir les actions ill\u00e9gales \u2013 selon les canons du droit international \u2013 commises par des rescap\u00e9s d\u2019Auschwitz et leurs descendants.<\/p>\n<p>Cette premi\u00e8re puissance et ses complices incitent le peuple juif qui avait re\u00e7u en cadeau 55 % du territoire palestinien alors sous \u00abprotectorat\u00bb britannique \u00e0 aller au-del\u00e0 de cette limite, en s\u2019appropriant les terres conquises par la guerre (1967) et en accaparant progressivement le reste de la Palestine. Les plus endurants des Palestiniens survivront dans des \u00abbantoustans\u00bb sous le contr\u00f4le de l\u2019arm\u00e9e et l\u2019administration isra\u00e9liennes. Ils n\u2019auront aucun attribut d\u2019un Etat : capitale, fronti\u00e8res, monnaie, arm\u00e9e, s\u00e9curit\u00e9\u2026 Ils pourront circuler avec des \u00abvisas\u00bb (al\u00e9atoires et \u00e9ph\u00e9m\u00e8res), brandir un drapeau et travailler\u2026 Ils n\u2019auront aucune garantie de ressources stables\u2026<\/p>\n<p>Tout cela pour mettre dans leur contexte les questions de la population dans cette r\u00e9gion particuli\u00e8re du monde.<\/p>\n<p>Bien avant le \u00ab Plan am\u00e9ricain \u00bb du 28 janvier 2020 visant \u00e0 restaurer la \u00ab paix \u00bb (sic) en Palestine, des voix isra\u00e9liennes s\u2019\u00e9levaient pour exposer le \u00abprobl\u00e8me\u00bb de la croissance d\u00e9mographique des Juifs en Isra\u00ebl d\u2019ici \u00e0 2050 ou 2060 et s\u2019interroger sur comment l\u2019Etat h\u00e9breu devrait y faire face. Avec Donald Trump et son conseiller juif am\u00e9ricain Jared Kushner (en plus de sa qualit\u00e9 de gendre), vous avez la r\u00e9ponse : Isra\u00ebl n\u2019aura pas besoin \u2013 comme l\u2019imaginaient ses technocrates \u2013 de b\u00e2tir des gratte-ciel pour loger les Isra\u00e9liens n\u00e9s ou \u00e0 na\u00eetre. Isra\u00ebl a re\u00e7u \u00abl\u2019autorisation\u00bb am\u00e9ricaine d\u2019agrandir son territoire sur la Cisjordanie, d\u2019y implanter de nouvelles colonies et d\u2019annexer d\u00e9finitivement J\u00e9rusalem-Est ainsi que le Golan syrien. On ne parle pas encore de la bande de Gaza ni du Sud-Liban\u2026<\/p>\n<p><img decoding=\"async\" src=\"\/uploads\/FCK_files\/Graph-2(29).jpg\" alt=\"\" width=\"30%\" vspace=\"5\" hspace=\"5\" align=\"left\"\/>Savez-vous qu\u2019Isra\u00ebl est le seul Etat membre \u00e0 part enti\u00e8re de l\u2019ONU qui n\u2019a pas fourni ses limites frontali\u00e8res au moment de son adh\u00e9sion ? Savez-vous o\u00f9 s\u2019arr\u00eatera un jour le Grand Isra\u00ebl dont r\u00eavent les Juifs ? Seul Dieu le sait.<\/p>\n<p>Il y a actuellement presque autant de Juifs en Palestine que de Palestiniens en Palestine : 7 millions environ chacun, sachant que pr\u00e8s de 2 millions de Palestiniens vivent sur le territoire l\u00e9gal de l\u2019Etat d\u2019Isra\u00ebl et pr\u00e8s de 850 000 Juifs sur le territoire l\u00e9gal de l\u2019Etat de Palestine (en Cisjordanie et \u00e0 J\u00e9rusalem-Est). La m\u00eame \u00e9galit\u00e9 ou presque se retrouve dans les populations juives et palestiniennes dans le monde: 14 \u00e0 15 millions de personnes dans chaque camp.<\/p>\n<p>Mais la croissance d\u00e9mographique des premiers \u00e9tant inf\u00e9rieure\u00a0 \u00e0 celle des seconds, on peut ais\u00e9ment pr\u00e9dire que le rapport de force va pencher du c\u00f4t\u00e9 des seconds avant 2050.La croissance des Juifs en Isra\u00ebl est encore soutenue: la population juive \u00ablocale\u00bb pourrait passer de 9 millions en 2019 \u00e0 18 millions en 2050 (hypoth\u00e8se haute) ou seulement 12,5 millions (hypoth\u00e8se basse), tandis que celle des Palestiniens-isra\u00e9liens passerait de 2 \u00e0 3 ou 3,5 millions\u2026 Les Palestiniens de Gaza et de Cisjordanie verront leur nombre passer de 5 millions en 2019 \u00e0 9 ou 10 millions en 2050\u2026<\/p>\n<p>Pour quelles raisons ces deux peuples devraient-ils croiser le fer toute leur vie ? La coexistence n\u2019est-elle pas vraiment possible entre eux ? Le sage vous dira \u00aboui, bien s\u00fbr\u00bb. A conditions que les injustices pass\u00e9es et pr\u00e9sentes soient admises et corrig\u00e9es un tant soit peu dans un esprit de paix.<\/p>\n<p>Les populations qui vivaient dans la Palestine de l\u2019ex-mandat britannique ne b\u00e9n\u00e9ficient pas du m\u00eame traitement depuis 1948. L\u2019Etat d\u2019Isra\u00ebl est reconnu par les cinq grandes puissances (Etats-Unis, Royaume-Uni, Russie, France, Chine). Le second ne l\u2019est que par deux (Chine et Russie). Le droit de veto de l\u2019un des cinq (celui des Etats-Unis) emp\u00eache la reconnaissance pleine et enti\u00e8re de l\u2019Etat de Palestine qui est pourtant reconnue officiellement par 136 Etats \u00abordinaires\u00bb sur les 193 membres que compte l\u2019ONU (70,5%).<\/p>\n<p><span class=\"c4\"><span class=\"c2\"><strong>Indicateurs d\u00e9mographiques 2020<\/strong><\/span><\/span><\/p>\n<p class=\"c3\"><img decoding=\"async\" src=\"\/uploads\/FCK_files\/Tab(5).jpg\" alt=\"\" width=\"100%\" vspace=\"5\" hspace=\"5\" align=\"middle\"\/><\/p>\n<p>L\u2019importance de la diaspora juive (les Juifs qui vivent hors d\u2019Isra\u00ebl) emp\u00eache en fait les grandes puissances de mettre en application les r\u00e9solutions qu\u2019ils ont eux-m\u00eames vot\u00e9es sur le droit des Palestiniens \u00e0 disposer de leur propre Etat avec leur capitale \u00e0 J\u00e9rusalem-Est. Ces r\u00e9solutions devront \u00eatre, selon le pr\u00e9sident am\u00e9ricain Donald Trump, enterr\u00e9es. Aux oubliettes ! Mais le droit international ne peut demeurer \u00e9ternellement \u00e0 la merci d\u2019un seul, aussi puissant soit-il pr\u00e9sentement.<\/p>\n<p>Toutes confessions r\u00e9unies, la population de l\u2019Etat d\u2019Isra\u00ebl s\u2019\u00e9l\u00e8ve aujourd\u2019hui \u00e0 9,1 millions et celle de l\u2019Etat de Palestine \u00e0 5,1 millions. Mais le \u00abdiable\u00bb se cache toujours dans les d\u00e9tails : la composition de chaque population selon la religion et le statut l\u00e9gal\u2026On va regarder tout cela \u00e0 la loupe.<\/p>\n<p>D\u2019abord, parlons du sujet qui f\u00e2che le plus les uns et les autres. Celui de l\u2019histoire. Les Juifs isra\u00e9liens (surtout les sionistes d\u2019entre eux) disent qu\u2019ils ont reconquis la Terre promise par Abraham, premier proph\u00e8te v\u00e9n\u00e9r\u00e9 par toutes les religions monoth\u00e9istes, aux seuls Juifs. Pourquoi diable Dieu a-t-il commis cette injustice ou s\u00e9gr\u00e9gation entre tous ses fid\u00e8les ?<\/p>\n<p>Passons sur la r\u00e9ponse \u00e0 cette question. Les Juifs ont d\u00e9sert\u00e9 la \u00abTerre promise\u00bb il y a plus de deux mille ans pour aller s\u2019installer qui en Europe, qui en Afrique ou en Asie (l\u2019Am\u00e9rique n\u2019\u00e9tait pas accessible alors). Ils v\u00e9curent et se d\u00e9velopp\u00e8rent, parfois en paix avec les Europ\u00e9ens, mais plus souvent en conflit. La \u00abTerre promise\u00bb est rest\u00e9e en possession de ses populations autochtones (les Philistins, entre autres)\u2013 apr\u00e8s l\u2019exode des Juifs, elle ne s\u2019\u00e9tait pas en effet vid\u00e9e de tous ses habitants, n\u2019est-ce pas ! Avec l\u2019\u00e9mergence de la religion chr\u00e9tienne, sous la direction du nouveau proph\u00e8te J\u00e9sus \u2013 anciennement juif, la r\u00e9gion s\u2019\u00e9tait d\u00e9velopp\u00e9e \u00e0 tous les niveaux. Elle attirait bien des conqu\u00e9rants venus de toutes parts. Les Chr\u00e9tiens devinrent largement majoritaires \u00e0 partir du 5e si\u00e8cle. Les Juifs qui n\u2019avaient pas quitt\u00e9 le pays \u00e9taient donc devenus minoritaires.<\/p>\n<p>Survint au 7e si\u00e8cle l\u2019av\u00e8nement d\u2019un dernier proph\u00e8te, Mohamed, qui r\u00e9v\u00e9la une nouvelle religion : l\u2019Islam. Une nouvelle \u00e9poque s\u2019ouvrit avec l\u2019arriv\u00e9e sur le territoire \u00abpalestinien\u00bb de conqu\u00e9rants arabo-musulmans qui se m\u00e9lang\u00e8rent aux autochtones. La majorit\u00e9 se renversa cette fois au profit des Musulmans, \u00e0 partir du 10e si\u00e8cle. En quatre si\u00e8cles, les rapports de force d\u00e9mographiques \u00e9taient \u00e0 plus de 75% en faveur des adeptes de Mohamed :<br \/>100 000 contre 50 000 pour les Juifs et les Chr\u00e9tiens.<\/p>\n<p>Selon le d\u00e9mographe isra\u00e9lien, Sergio Della Pergola, n\u00e9 en 1942 \u00e0 Trieste (Italie), sp\u00e9cialiste de la population de la r\u00e9gion, le nombre de Juifs est pass\u00e9 de 5 000 en 1540 \u00e0 43 000 en 1890 avant de bondir \u00e0 630 000 en 1947. Cette derni\u00e8re p\u00e9riode correspond au mouvement sioniste d\u00e9clench\u00e9 par son Premier congr\u00e8s tenu \u00e0 B\u00e2le (Suisse) en 1897 : en r\u00e9action aux pogroms et \u00e0 la r\u00e9pression des Juifs en Europe \u2013 bien avant donc le nazisme \u2013 le Congr\u00e8s ordonna le retour \u00e0 la \u00abTerre promise\u00bb : il organisa et finan\u00e7a les voyages, l\u2019installation, l\u2019achat et l\u2019occupation de terres en Palestine alors sous occupation ottomane puis sous mandat britannique. Mais le nombre des immigrants juifs d\u00e9passa celui des Arabes chr\u00e9tiens en 1914 (94 000 contre 70 000).<br \/>A la veille du \u00abPlan de partage\u00bb d\u00e9cr\u00e9t\u00e9 par les grands vainqueurs de la Seconde Guerre mondiale, le nombre de Juifs \u00e9tait, toujours selon Sergio Della Pergola, de 630 000, soit un peu plus de la moiti\u00e9 de celui des Arabes musulmans (1 200 000). Mais la grande injustice des vainqueurs \u00e9tait d\u2019attribuer 55% des terres de Palestine aux nouveaux immigrants juifs et 45 % aux Arabes palestiniens.<\/p>\n<p>Le \u00abplan de partage de 1947\u00bb fut refus\u00e9 par tous les Arabes. Et les guerres et les violences ne cess\u00e8rent depuis\u2026 Les sionistes \u2013 comme le d\u00e9montre le nouveau plan de partage des Etats-Unis (28 janvier 2020) \u2013 disposeront \u00e0 terme de tout ou presque de ce qui reste du territoire palestinien. Les irr\u00e9ductibles Palestiniens attach\u00e9s \u00e0 leurs terres ancestrales sont accul\u00e9s \u00e0 vivre dans des \u00abbantoustans\u00bb \u00e0 l\u2019isra\u00e9lienne: des morceaux d\u2019espace isol\u00e9s les uns des autres sous contr\u00f4le strict isra\u00e9lien.<\/p>\n<p><span class=\"c2\"><span class=\"c4\"><strong>R\u00e9partition de la population selon les groupes d\u2019\u00e2ge en % (2020)<\/strong><\/span><\/span><\/p>\n<p><img decoding=\"async\" src=\"\/uploads\/FCK_files\/Graph-3(24).jpg\" alt=\"\" width=\"40%\" vspace=\"5\" hspace=\"5\" align=\"left\"\/>Le discours actuel des sionistes, qui reprend la philosophie des fondateurs de l\u2019Etat h\u00e9breu, est d\u2019acculer les Palestiniens \u00e0 quitter les lieux pour rejoindre leurs fr\u00e8res en Jordanie ou ailleurs dans le monde. La diaspora palestinienne compte, depuis 1947, plus de 6 millions de personnes (les r\u00e9fugi\u00e9s, les exil\u00e9s et leurs descendants).Les Palestiniens de l\u2019int\u00e9rieur se partagent entre quatre territoires s\u00e9par\u00e9s : il y a ceux qui vivent, sous le blocus isra\u00e9lo-\u00e9gyptien, \u00e0 Gaza (2 millions); ceux qui vivent \u2013 avec la nationalit\u00e9 isra\u00e9lienne \u2013 en Isra\u00ebl m\u00eame (environ 2 millions), avec le droit de voter, mais sans le droit de r\u00e9sider en dehors des villes et villages qui leur sont assign\u00e9s ; ceux qui vivent \u00e0 J\u00e9rusalem-Est occup\u00e9e(voir encadr\u00e9) ; et ceux qui r\u00e9sident en Cisjordanie \u2013 en grande partie parsem\u00e9e par les colonies isra\u00e9liennes \u2013 soit 3 millions.<\/p>\n<p>Plus de 850 000 colons vivent en Cisjordanie et \u00e0 J\u00e9rusalem-Est, et leur nombre ne cesse de cro\u00eetre. Ils vivent dans des blocs de colonies, au milieu des villages palestiniens, souvent dans un climat de tension \u2013 ils sont plus de 200 000 \u00e0 J\u00e9rusalem-Est. Sans compter les implantations sauvages. Deux jours avant les \u00e9lections de septembre 2019, Netanyahou a donn\u00e9 le feu vert \u00e0 la l\u00e9galisation de la colonie de Meevot Yericho, dans la vall\u00e9e du Jourdain. Bard\u00e9 du Plan Trump, les \u00e9lecteurs voteront quasi certainement en sa faveur lors des \u00e9lections du 2 mars 2020. Depuis Theodor Herzl, Isra\u00ebl en fait n\u2019a pas chang\u00e9. Le r\u00e9alisme n\u2019a dur\u00e9 qu\u2019une courte p\u00e9riode \u2013 celle du processus de paix dit d\u2019Oslo (1993-1995) mort et enterr\u00e9 comme son parrain feu le Premier ministre Yitzhak Rabin, assassin\u00e9 par un extr\u00e9miste juif. Aujourd\u2019hui, les Juifs vivent en paix avec tous leurs voisins. Personne ne peut imaginer que l\u2019Egypte, la Jordanie, la Syrie ou l\u2019Irak brandiront de nouveau un jour la hache de guerre contre Isra\u00ebl. Au contraire, la plupart des pays du Moyen-Orient coop\u00e8rent discr\u00e8tement avec lui. Il manque une seule \u2013 la plus d\u00e9terminante, la plus dangereuse \u2013 la paix avec les Palestiniens.<\/p>\n<p>La bombe ne sera pas atomique, celle de l\u2019Iran\u00a0 n\u2019est qu\u2019une menace hypoth\u00e9tique. Brandie par les extr\u00e9mistes de tous bords pour maintenir l\u2019\u00e9tat de tension permanente entre Juifs et Musulmans. La bombe sera \u2013 dans dix ou cinquante ans \u2013 d\u00e9mographique. Savez vous qu\u2019aujourd\u2019hui 43 % seulement de la population isra\u00e9lienne est jeune (0 \u00e0 24 ans)? Et qu\u2019en face, il y a une force humaine d\u2019avenir qui p\u00e8se 64% de la population de Gaza et 56 % de celle de la Cisjordanie.<\/p>\n<p>Si du temps de Theodor Herzl les Juifs \u00e9taient partout pers\u00e9cut\u00e9s en Europe, ils ne le sont plus aujourd\u2019hui ni en Europe, ni ailleurs. Il y a certes des ersatz de haine et de violence, r\u00e9sultats de provocations r\u00e9ciproques. Mais l\u2019\u00e9limination syst\u00e9matique des Palestiniens du \u00ab circuit \u00bb politique, \u00e9conomique, social et culturel conduira \u2013 comme le fut l\u2019extermination syst\u00e9matique des Juifs par les Europ\u00e9ens \u2013 \u00e0 une crise de dimension mondiale. Les m\u00eames causes produisent les m\u00eames effets. Gare aux t\u00eatus.<\/p>\n<p class=\"c5\"><strong>S.G.<\/strong><\/p>\n<p class=\"c6\"><strong>Lire aussi:<\/strong><\/p>\n<p class=\"c6\"><a href=\"https:\/\/www.leaders.com.tn\/article\/29975-palestine-israel-un-conflit-de-100-ans\" target=\"_blank\" rel=\"noopener noreferrer\"><strong>Palestine \u2013 Isra\u00ebl: Un conflit de 100 ans<\/strong><\/a><\/p>\n<p>Auteur:<br \/>\n<a href=\"https:\/\/www.leaders.com.tn\/article\/29977-les-populations-a-la-loupe-celles-des-palestiniens-et-des-israeliens\">Cliquez ici pour lire l&rsquo;article depuis sa source.<\/a><\/p>\n","protected":false},"excerpt":{"rendered":"<p>Par Samir Gharbi &#8211; C\u2019est un sujet fort complexe parce qu\u2019il n\u2019est pas seulement d\u00e9mographique. Il est aussi politique, religieux, voire militaire: les peuples se mesuraient \u2013 et se mesurent \u2013 selon leur \u00abrapport de force\u00bb. Quand un peuple se sent \u00e0 l\u2019\u00e9troit, il commence par envahir son voisin proche ou lointain. L\u2019histoire nous le [&hellip;]<\/p>\n","protected":false},"author":1772,"featured_media":86385,"comment_status":"closed","ping_status":"closed","sticky":false,"template":"","format":"standard","meta":{"fifu_image_url":"","fifu_image_alt":"","footnotes":""},"categories":[73,55],"tags":[],"class_list":["post-86384","post","type-post","status-publish","format-standard","has-post-thumbnail","hentry","category-actualite","category-tunisie"],"_links":{"self":[{"href":"https:\/\/linitiative.ca\/International\/wp-json\/wp\/v2\/posts\/86384","targetHints":{"allow":["GET"]}}],"collection":[{"href":"https:\/\/linitiative.ca\/International\/wp-json\/wp\/v2\/posts"}],"about":[{"href":"https:\/\/linitiative.ca\/International\/wp-json\/wp\/v2\/types\/post"}],"author":[{"embeddable":true,"href":"https:\/\/linitiative.ca\/International\/wp-json\/wp\/v2\/users\/1772"}],"replies":[{"embeddable":true,"href":"https:\/\/linitiative.ca\/International\/wp-json\/wp\/v2\/comments?post=86384"}],"version-history":[{"count":0,"href":"https:\/\/linitiative.ca\/International\/wp-json\/wp\/v2\/posts\/86384\/revisions"}],"wp:featuredmedia":[{"embeddable":true,"href":"https:\/\/linitiative.ca\/International\/wp-json\/"}],"wp:attachment":[{"href":"https:\/\/linitiative.ca\/International\/wp-json\/wp\/v2\/media?parent=86384"}],"wp:term":[{"taxonomy":"category","embeddable":true,"href":"https:\/\/linitiative.ca\/International\/wp-json\/wp\/v2\/categories?post=86384"},{"taxonomy":"post_tag","embeddable":true,"href":"https:\/\/linitiative.ca\/International\/wp-json\/wp\/v2\/tags?post=86384"}],"curies":[{"name":"wp","href":"https:\/\/api.w.org\/{rel}","templated":true}]}}