{"id":86386,"date":"2020-05-22T12:26:00","date_gmt":"2020-05-22T16:26:00","guid":{"rendered":"https:\/\/linitiative.ca\/International\/dr-mustapha-benjaafar-le-temps-du-changement\/"},"modified":"2020-05-22T12:26:00","modified_gmt":"2020-05-22T16:26:00","slug":"dr-mustapha-benjaafar-le-temps-du-changement","status":"publish","type":"post","link":"https:\/\/linitiative.ca\/International\/dr-mustapha-benjaafar-le-temps-du-changement\/","title":{"rendered":"Dr Mustapha Benjaafar : Le temps du changement !"},"content":{"rendered":"<p>Apparu en R\u00e9publique Populaire de Chine en novembre 2019, le virus Covid-19 n\u2019a cess\u00e9 de\u00a0 se propager sur toute la plan\u00e8te A ce jour, on estime (comptage de l\u2019AFP) que plus de 5 millions de personnes ont \u00e9t\u00e9 atteintes, plus de 2 millions gu\u00e9ries, 335 000 d\u00e9c\u00e9d\u00e9es. Il ne s\u2019agit pas de la plus forte pand\u00e9mie de l\u2019histoire \u2013 la Peste Noire de 1347-1352 a fait entre 25 et 40 millions de morts en Europe, soit entre un tiers et la moiti\u00e9 de sa population de l&rsquo;\u00e9poque, la Grippe espagnole de 1918-1919 a tu\u00e9 20 \u00e0 30 millions de personnes en Europe et jusqu&rsquo;\u00e0 50 millions \u00e0 l&rsquo;\u00e9chelle mondiale, la Grippe asiatique de1956-1957 a caus\u00e9 deux \u00e0 trois millions de morts dans le monde&#8230; Le Sida, apparu en 1981, a provoqu\u00e9 dans les ann\u00e9es 2000 au plus fort de l&rsquo;\u00e9pid\u00e9mie la mort de deux millions de personnes.<\/p>\n<p>La Tunisie, n\u2019a pas \u00e9chapp\u00e9 \u00e0 ces vagues d\u2019\u00e9pid\u00e9mie, &#8211; seule la grippe espagnole l\u2019a \u00e9pargn\u00e9e -, payant \u00e0 chaque \u00e9pisode un lourd tribut. Selon Mohamed-El Aziz Ben Achour &#8211; <a href=\"https:\/\/www.leaders.com.tn\/article\/29617-mohamed-el-aziz-ben-achour-les-epidemies-dans-l-histoire-tunisienne\">article paru dans le num\u00e9ro de<\/a> <span class=\"c2\"><strong>Leaders<\/strong><\/span> de mai 2020 \u2013 la population de Tunisie n\u2019a pas \u00e9t\u00e9 \u00e9pargn\u00e9e par les h\u00e9catombes li\u00e9es \u00e0 la peste, v\u00e9hicul\u00e9e par l\u2019extension des routes commerciales vers l\u2019Orient. La peste noire a marqu\u00e9 les esprits du 14 \u00e8me si\u00e8cle, mais elle est r\u00e9apparue regulierement tous les 10, 15 ou 25 ans jusqu\u2019en 1930. A chaque \u00e9pisode on a pu estimer que le pays aurait perdu entre le sixi\u00e8me, voire le tiers de sa population A cela se sont ajout\u00e9es les \u00e9pid\u00e9mies de chol\u00e9ra et le typhus \u00e0 la fin du 19 eme si\u00e8cle. Les premi\u00e8res tentatives\u00a0 de confinement sont apparues au d\u00e9but du XVIII\u00e8me si\u00e8cle mais ce n\u2019est qu\u2019au XX\u00e8me si\u00e8cle que ces \u00e9pid\u00e9mies ont \u00e9t\u00e9 enray\u00e9es avec la cr\u00e9ation d\u2019infrastructures m\u00e9dicales et la formation de leur personnel, une meilleure sensibilisation de la population et les r\u00e9formes d\u2019orientation progressiste de l\u2019Etat des d\u00e9buts de l\u2019Ind\u00e9pendance.\u00a0<\/p>\n<p>Avec la mondialisation, <span class=\"c3\"><strong>la crise sanitaire actuelle est vite devenue une crise globale syst\u00e9mique in\u00e9dite dans l\u2019histoire de l\u2019humanit\u00e9 :<\/strong><\/span> tout s\u2019est fig\u00e9 partout brutalement : la production, les \u00e9changes, les voyages\u2026provoquant un \u00e9norme choc qui ne cesse de s\u2019aggraver chaque jour davantage. On ne peut plus consid\u00e9rer cette crise comme uniquement sanitaire ou uniquement \u00e9conomique alors qu\u2019elle a des causes et des cons\u00e9quences politiques, \u00e9cologiques, \u00e9conomiques, financi\u00e8res\u2026\u00a0<\/p>\n<p>Les retomb\u00e9es \u00e9conomiques et sociales sont lourdes dans la plupart des pays. Le confinement, mesure pr\u00e9ventive contre l\u2019extension exponentielle de la pand\u00e9mie, privant des millions de travailleurs de leurs moyens de subsistance, a mis en valeur les in\u00e9galit\u00e9s dans le rapport au travail, entre ceux qui peuvent op\u00e9rer en t\u00e9l\u00e9travail et les m\u00e9tiers difficiles et mal r\u00e9mun\u00e9r\u00e9s qui ne le peuvent pas.<\/p>\n<p>Ces in\u00e9galit\u00e9s se marquent au sein de chaque pays, entre pays riches et pays pauvres et entre les diff\u00e9rentes strat\u00e9gies de gestion de crise adopt\u00e9es accordant la priorit\u00e9 soit \u00e0 une vision de sant\u00e9 publique soit \u00e0 une\u00a0 vision \u00e9conom\u00e9trique.<\/p>\n<p>Selon les pr\u00e9visions de certains chercheurs &#8211; King\u2019s College de Londres, Australian National University-, la pand\u00e9mie pourrait faire basculer un demi-milliard d\u2019habitants de la plan\u00e8te dans la pauvret\u00e9. Selon l\u2019O.I.T., les pertes de revenus des travailleurs informels, &#8211; pr\u00e8s de deux milliards de travailleurs dans le monde, devraient atteindre les 60 % \u00e0 l\u2019\u00e9chelle mondiale, allant jusqu\u2019 \u00e0 81 % en Afrique et en Am\u00e9rique latine, vu l\u2019importance occup\u00e9e\u00a0 par ce secteur.\u00a0<\/p>\n<p>Dans cette crise <span class=\"c3\"><strong>il y a lieu de relever deux points nouveaux<\/strong><\/span> : d\u2019un c\u00f4t\u00e9 c\u2019est la premi\u00e8re fois que tous les gouvernements, ou presque, se sont entendus sur la n\u00e9cessit\u00e9 d\u2019agir pour sauver des vies et consacrer le retour de l\u2019Etat, de l\u2019autre le confinement a fait chuter de mani\u00e8re spectaculaire les \u00e9missions de CO2. dans plusieurs grandes agglom\u00e9rations, encourageant les partisans de la lutte contre le r\u00e9chauffement climatique \u00e0 hausser la voix.\u00a0<\/p>\n<p><span class=\"c3\"><strong>La Tunisie a \u00e9t\u00e9 frapp\u00e9e par le virus \u00e0 partir du 2 mars 2020,<\/strong><\/span>\u00a0dans une situation \u00e9conomique d\u00e9j\u00e0 difficile, avec un tr\u00e8s fort endettement et des clignotants d\u00e9j\u00e0\u00a0 au rouge, une croissance de l\u2019ordre de 1% en 2019\u00a0 revue \u00e0 la baisse pour 2020 avec un taux de -4,3%. L\u2019inflation, toujours galopante (autour de 7.5%), s\u2019accompagne d un tr\u00e8s fort d\u00e9ficit de la balance commerciale.<\/p>\n<p><span class=\"c3\"><strong>Les incertitudes politiques ont aggrav\u00e9 la situation:<\/strong><\/span> en effet ce n\u2019est que plus de quatre mois apr\u00e8s les \u00e9lections pr\u00e9sidentielles et l\u00e9gislatives qu\u2019un gouvernement a pu \u00eatre form\u00e9 autour d\u2019une plateforme commune avec une coalition rassemblant divers partis \u2013 essentiellement Ennahdha et des partis s\u00e9cularistes de diff\u00e9rentes sensibilit\u00e9s.<\/p>\n<p>Mandat\u00e9 \u00e0 la fin du mois de f\u00e9vrier, le chef du gouvernement, Elyes Fakhfakh, ex-dirigeant du parti Ettakattol &#8211; social-d\u00e9mocrate-, s\u2019est trouv\u00e9 tout de suite confront\u00e9\u00a0 \u00e0 la crise du Covid-19. Fid\u00e8le \u00e0 ses convictions &#8211; les droits, quels qu\u2019ils soient ne peuvent s\u2019accommoder\u00a0 de la mort de citoyens- et soutenu par la majorit\u00e9 gouvernementale et de Kais Saied, le pr\u00e9sident de la R\u00e9publique pl\u00e9biscit\u00e9 lors du dernier scrutin, le chef du gouvernement a fait le choix courageux de r\u00e9sister \u00e0 la tentation utilitariste, en privil\u00e9giant la sant\u00e9 \u00e0 l\u2019\u00e9conomie \u00e9vitant ainsi de risquer la \u00ab saturation \u00bb du syst\u00e8me de sant\u00e9 ( pr\u00e8s de 500 lits de soins intensifs r\u00e9partis entre publics et priv\u00e9s), et donc des taux de mortalit\u00e9 plus \u00e9lev\u00e9s. Les fronti\u00e8res ont \u00e9t\u00e9 ferm\u00e9es et le confinement g\u00e9n\u00e9ral d\u00e9cr\u00e9t\u00e9 \u00e0 partir du 22 mars 2020 avec couvre-feu de 18 heures \u00e0 6 heures du matin. Pour faciliter son combat contre la propagation du virus le Parlement lui a accord\u00e9, conform\u00e9ment \u00e0 la Constitution, les pleins pouvoirs pour deux mois. Syst\u00e9matiquement branch\u00e9 sur l\u2019avis de la communaut\u00e9 scientifique, le chef du gouvernement a \u00e9t\u00e9\u00a0 soutenu par les organisations syndicales et patronales, l\u2019abn\u00e9gation des corps de sant\u00e9, la forte mobilisation de la soci\u00e9t\u00e9 civile et un grand \u00e9lan de solidarit\u00e9 citoyenne. Cet \u00e9lan de solidarit\u00e9 cr\u00e9ative entre ing\u00e9nieurs et m\u00e9decins a permis l\u2019\u00e9closion de plusieurs initiatives permettant de pallier \u00e0 la p\u00e9nurie d\u2019\u00e9quipements m\u00e9dicaux de base : respirateurs, robots, masques\u2026Cette r\u00e9action peut constituer une promesse pour l\u2019apr\u00e8s-Covid-19\u2026\u00a0<\/p>\n<p>Pour pallier aux handicaps du confinement qui paralyse un large pan de l\u2019\u00e9conomie et prive une grande majorit\u00e9 de Tunisiens de travail et de revenu, le gouvernement a octroy\u00e9 des aides aux cat\u00e9gories les plus fragiles comme les travailleurs du secteur informel et les familles n\u00e9cessiteuses. D\u2019autres mesures ont \u00e9t\u00e9 prises afin de pr\u00e9server le tissu \u00e9conomique et de pr\u00e9parer la reprise apr\u00e8s la sortie de crise. Ainsi est il parvenu \u00e0 un juste \u00e9quilibre entre d\u2019un c\u00f4t\u00e9 la sauvegarde de la vie des citoyens, la pr\u00e9servation des emplois et le soutien aux entreprises et de l\u2019autre l\u2019amorce d\u2019une anticipation judicieuse susceptible de\u00a0 pr\u00e9parer le pays aux r\u00e9formes structurelles pr\u00e9vues dans le programme du \u00ab gouvernement de la transparence et du regain de la confiance \u00bb\u00a0<\/p>\n<p><span class=\"c3\"><strong>Les r\u00e9sultats, rassurants, laissent penser que la situation est sous contr\u00f4le.<\/strong><\/span> Le premier cas de coronavirus a \u00e9t\u00e9 registr\u00e9 le 2 mars. Le confinement g\u00e9n\u00e9ral a \u00e9t\u00e9 d\u00e9cid\u00e9 le 22 mars et \u00e0 la date du 21 mai, avec plus de 40000 tests effectu\u00e9s, on a enregistr\u00e9 1 046 personnes atteintes, 883 gu\u00e9risons et 47 d\u00e9c\u00e8s.\u00a0<\/p>\n<p>Plus de 10 000 Tunisiens ont \u00e9t\u00e9 rapatri\u00e9s de l\u2019\u00e9tranger. Au vu des r\u00e9sultats le gouvernement ne baisse pas la garde puisqu\u2019il vient de d\u00e9cider d\u2019all\u00e9ger progressivement, \u00e0 partir du 4 mai le confinement g\u00e9n\u00e9ral en passant par des phases de \u00ab confinement cibl\u00e9 \u00bb pr\u00e9c\u00e9dant et pr\u00e9parant la phase de d\u00e9 confinement, le passage d\u2019une phase \u00e0 l\u2019autre restant tributaire de l\u2019\u00e9volution\u00a0 de la situation sanitaire.<\/p>\n<h2>Quelles le\u00e7ons tirer ?\u00a0<\/h2>\n<p>En tenant compte des diverses exp\u00e9riences de lutte contre le Covid-19\u00a0 exp\u00e9riment\u00e9es depuis le d\u00e9but de la pand\u00e9mie, il est d\u00e9sormais prouv\u00e9 que les succ\u00e8s ont \u00e9t\u00e9 enregistr\u00e9s l\u00e0 o\u00f9\u00a0 l\u2019Etat,\u00a0 prenant au s\u00e9rieux la m\u00e9taphore de la \u00ab guerre contre le virus \u00bb a retrouv\u00e9\u00a0 son r\u00f4le de strat\u00e8ge et assur\u00e9 la coordination des circuits \u00e9conomiques permettant de traiter avec efficacit\u00e9 et c\u00e9l\u00e9rit\u00e9 l\u2019urgence sanitaire.<\/p>\n<p>Des failles et d\u00e9faillances ont \u00e9t\u00e9 enregistr\u00e9es, dues souvent \u00e0 une sous \u00e9valuation de la gravit\u00e9 de la crise, allant parfois jusqu\u2019\u00e0 l\u2019arrogance du d\u00e9ni. Elles ont mis en \u00e9vidence le besoin imp\u00e9ratif de solidarit\u00e9 nationale et internationale ; il nous faudra nous d\u00e9partir de nos \u00e9go\u00efsmes et des vieux dogmes nationaux. D\u00e9sormais, une chose est s\u00fbre : si nous ne gagnons pas la bataille tous ensemble, tous ensemble nous finirons par la perdre.<\/p>\n<p><span class=\"c3\"><strong>La question est alors de savoir si l\u2019on va reproduire \u00e0 l\u2019identique le mod\u00e8le existant ou si on doit le r\u00e9inventer ?\u00a0<\/strong><\/span> Pour nous, socialistes et sociaux- d\u00e9mocrates, la r\u00e9ponse est claire. Le mod\u00e8le actuel, fond\u00e9 sur la croissance \u00e9conomique et le libre-\u00e9change globalis\u00e9 est d\u00e9faillant. Pendant des d\u00e9cades, l\u2019homme a consenti ou subi des sacrifices sociaux, \u00e9conomiques, environnementaux au nom de la croissance \u00e9rig\u00e9e en dogme. La crise vient de nous d\u00e9montrer la faillite de l\u2019Etat minimal \u00ab small state \u00bb au service d\u2019une \u00e9conomie enti\u00e8rement soumise aux lois du march\u00e9. Nous avons v\u00e9cu une illusion d\u2019abondance, de libert\u00e9 et de solidit\u00e9.<\/p>\n<p>Cette illusion s\u2019est dissip\u00e9e en quelques mois devant un coronavirus d\u00e9vastateur face auquel les puissants ont \u00e9t\u00e9 impr\u00e9par\u00e9s et les pauvres, comme toujours, d\u00e9sarm\u00e9s.<\/p>\n<p><span class=\"c3\"><strong>L\u2019Afrique est \u00e0 cet \u00e9gard particuli\u00e8rement vuln\u00e9rable.<\/strong><\/span> La pand\u00e9mie de Covid-19 annonce un d\u00e9sastre humain et une d\u00e9gradation de la situation \u00e9conomique\u00a0 amplifi\u00e9e\u00a0 par un endettement insupportable.<\/p>\n<p>Il faut tout faire pour tirer des le\u00e7ons de la crise actuelle que ce soit dans le monde et particuli\u00e8rement en Tunisie. Le pire serait de fermer la parenth\u00e8se et de revenir au statu quo en gardant le m\u00eame mod\u00e8le d\u2019avant l\u2018apparition du Covid-19 : le virus est \u00e0 incriminer, certes, mais il s\u2019est d\u00e9velopp\u00e9 dans un contexte tel que les\u00a0 infrastructures ont \u00e9t\u00e9\u00a0 incapables de lui faire face. Ces le\u00e7ons sont adopt\u00e9es par un nombre de plus en plus important d\u2019hommes et de femmes appartenant \u00e0 diff\u00e9rentes familles de pens\u00e9e : dirigeants politiques, syndicalistes, \u00e9conomistes, \u00e9cologistes, intellectuels, philosophes, historiens\u2026 Elles devraient conduire \u00e0 une prise de conscience collective pour rompre avec l\u2019\u00e9go\u00efsme et l\u2019individualisme.\u00a0<\/p>\n<p><span class=\"c3\"><strong>Cette crise est un coup de semonce, une alerte sur l\u2019\u00e9tat du monde<\/strong><\/span>. Loin de condamner une mondialisation in\u00e9vitable, nous devons\u00a0 r\u00e9fl\u00e9chir \u00e0 ce qu\u2019elle devienne\u00a0 plus \u00e9quitable et plus respectueuse de l\u2019environnement Nous devons faire preuve de\u00a0 lucidit\u00e9 pour tirer parti du n\u00e9gatif travers\u00e9, r\u00e9agir et innover\u00a0 pour aller vers un avenir meilleur. En revanche, si nous ne savons pas et n\u2019osons pas changer nos modes de vie et nos organisations, nous connaitrons de nouveaux \u00e9pisodes de terreur avec des monstres autrement plus violents que ce coronavirus.<\/p>\n<p><span class=\"c3\"><strong>Ce mouvement d\u2019id\u00e9es est largement perceptible en Tunisie.<\/strong><\/span> Notre chance est que le gouvernement actuel, guid\u00e9 par un chef d\u00e9termin\u00e9, est constitu\u00e9 d\u2019une \u00e9quipe\u00a0 naturellement port\u00e9e \u00e0 lutter contre le v\u00e9ritable mal r\u00e9v\u00e9l\u00e9 par la crise : les in\u00e9galit\u00e9s. Le programme annonc\u00e9 en f\u00e9vrier et confirm\u00e9 dans ses grandes lignes lors de l\u2019allocution t\u00e9l\u00e9vis\u00e9e du 20 mai, va dans ce sens, comportant des r\u00e9formes structurelles prometteuses d\u2019un nouveau mod\u00e8le de d\u00e9veloppement. Nous attendons les d\u00e9tails pr\u00e9vus pour la fin du mois de juin, concernant ces mesures cens\u00e9es mobiliser nos ressources, remettre notre appareil productif en ordre de marche, r\u00e9duire l\u2019\u00e9conomie de rente, combattre la corruption et l\u2019\u00e9vasion fiscale\u2026 L\u2019essentiel est que les difficult\u00e9s et les souffrances engendr\u00e9es par la crise n\u2019ont pas chang\u00e9 le cap.\u00a0<\/p>\n<p><span class=\"c3\"><strong>Dans ce combat, tous ceux et toutes celles qui r\u00eavent d\u2019un avenir meilleur pour la Tunisie doivent se mobiliser<\/strong><\/span>. Les socialistes et sociaux-d\u00e9mocrates ont une responsabilit\u00e9 particuli\u00e8re. Cette crise globale et syst\u00e9mique est une opportunit\u00e9 historique pour engager la r\u00e9flexion et l\u2019action dans un processus commun, d\u00e9lib\u00e9ratif et d\u00e9mocratique\u00a0 pour un vrai changement, une Tunisie nouvelle dans un monde de paix, de justice, de libert\u00e9 et de prosp\u00e9rit\u00e9 partag\u00e9e ?<\/p>\n<p><strong>Mustapha Benjaafar<\/strong><\/p>\n<p><em>Pr\u00e9sident Honoraire de l\u2019Internationale Socialiste (IS)<\/em><\/p>\n<p><em>Pr\u00e9sident de l\u2019Assembl\u00e9e Nationale Constitutionnelle(ANC) Tunisie 2011-2014<\/em><\/p>\n<p>Auteur:<br \/>\n<a href=\"https:\/\/www.leaders.com.tn\/article\/29980-dr-mustapha-ben-jaafar\">Cliquez ici pour lire l&rsquo;article depuis sa source.<\/a><\/p>\n","protected":false},"excerpt":{"rendered":"<p>Apparu en R\u00e9publique Populaire de Chine en novembre 2019, le virus Covid-19 n\u2019a cess\u00e9 de\u00a0 se propager sur toute la plan\u00e8te A ce jour, on estime (comptage de l\u2019AFP) que plus de 5 millions de personnes ont \u00e9t\u00e9 atteintes, plus de 2 millions gu\u00e9ries, 335 000 d\u00e9c\u00e9d\u00e9es. Il ne s\u2019agit pas de la plus forte [&hellip;]<\/p>\n","protected":false},"author":1772,"featured_media":0,"comment_status":"closed","ping_status":"closed","sticky":false,"template":"","format":"standard","meta":{"fifu_image_url":"","fifu_image_alt":"","footnotes":""},"categories":[73,55],"tags":[],"class_list":["post-86386","post","type-post","status-publish","format-standard","hentry","category-actualite","category-tunisie"],"_links":{"self":[{"href":"https:\/\/linitiative.ca\/International\/wp-json\/wp\/v2\/posts\/86386","targetHints":{"allow":["GET"]}}],"collection":[{"href":"https:\/\/linitiative.ca\/International\/wp-json\/wp\/v2\/posts"}],"about":[{"href":"https:\/\/linitiative.ca\/International\/wp-json\/wp\/v2\/types\/post"}],"author":[{"embeddable":true,"href":"https:\/\/linitiative.ca\/International\/wp-json\/wp\/v2\/users\/1772"}],"replies":[{"embeddable":true,"href":"https:\/\/linitiative.ca\/International\/wp-json\/wp\/v2\/comments?post=86386"}],"version-history":[{"count":0,"href":"https:\/\/linitiative.ca\/International\/wp-json\/wp\/v2\/posts\/86386\/revisions"}],"wp:attachment":[{"href":"https:\/\/linitiative.ca\/International\/wp-json\/wp\/v2\/media?parent=86386"}],"wp:term":[{"taxonomy":"category","embeddable":true,"href":"https:\/\/linitiative.ca\/International\/wp-json\/wp\/v2\/categories?post=86386"},{"taxonomy":"post_tag","embeddable":true,"href":"https:\/\/linitiative.ca\/International\/wp-json\/wp\/v2\/tags?post=86386"}],"curies":[{"name":"wp","href":"https:\/\/api.w.org\/{rel}","templated":true}]}}