{"id":86388,"date":"2020-05-22T12:18:16","date_gmt":"2020-05-22T16:18:16","guid":{"rendered":"https:\/\/linitiative.ca\/International\/coronavirus-121-nouveaux-cas-vendredi-a-16-heures-7332-cumules\/"},"modified":"2020-05-22T12:18:16","modified_gmt":"2020-05-22T16:18:16","slug":"coronavirus-121-nouveaux-cas-vendredi-a-16-heures-7332-cumules","status":"publish","type":"post","link":"https:\/\/linitiative.ca\/International\/coronavirus-121-nouveaux-cas-vendredi-a-16-heures-7332-cumules\/","title":{"rendered":"Coronavirus : 121 nouveaux cas vendredi \u00e0 16 heures, 7332 cumul\u00e9s"},"content":{"rendered":"<p><strong>Voici le nouveau bilan du minist\u00e8re de la Sant\u00e9 ce vendredi \u00e0 16 heures.\u00a0<\/strong><\/p>\n<div class=\"c10\"\/>\n<p>Le Maroc a enregistr\u00e9, ces derni\u00e8res 24 heures, 121 nouveaux cas de contamination au coronavirus, portant ainsi le total des cas positifs \u00e0 7332. Le nombre de d\u00e9c\u00e8s, quant \u00e0 lui, est d\u00e9sormais de 197, contre 4377 pour le total des gu\u00e9risons.<\/p>\n<div class=\"c17\">\n<fieldset class=\"c16\">\n<legend><strong><span class=\"c11\">Challenge<\/span><span class=\"c12\">news<\/span><\/strong><\/legend>\n<div class=\"c15\">Le meilleur de Challenge s\u00e9lectionn\u00e9 par la r\u00e9daction :<\/p>\n<\/div>\n<\/fieldset>\n<\/div>\n<p>Auteur: challenge<br \/>\n<a href=\"https:\/\/www.challenge.ma\/coronavirus-121-nouveaux-cas-vendredi-a-16-heures-7332-cumules-141250\/\">Cliquez ici pour lire l&rsquo;article depuis sa source.<\/a><\/p>\n","protected":false},"excerpt":{"rendered":"<p>Voici le nouveau bilan du minist\u00e8re de la Sant\u00e9 ce vendredi \u00e0 16 heures.\u00a0 Le Maroc a enregistr\u00e9, ces derni\u00e8res 24 heures, 121 nouveaux cas de contamination au coronavirus, portant ainsi le total des cas positifs \u00e0 7332. Le nombre de d\u00e9c\u00e8s, quant \u00e0 lui, est d\u00e9sormais de 197, contre 4377 pour le total des [&hellip;]<\/p>\n","protected":false},"author":1787,"featured_media":0,"comment_status":"closed","ping_status":"closed","sticky":false,"template":"","format":"standard","meta":{"fifu_image_url":"","fifu_image_alt":"","footnotes":""},"categories":[78,54],"tags":[],"class_list":["post-86388","post","type-post","status-publish","format-standard","hentry","category-economie","category-maroc"],"_links":{"self":[{"href":"https:\/\/linitiative.ca\/International\/wp-json\/wp\/v2\/posts\/86388","targetHints":{"allow":["GET"]}}],"collection":[{"href":"https:\/\/linitiative.ca\/International\/wp-json\/wp\/v2\/posts"}],"about":[{"href":"https:\/\/linitiative.ca\/International\/wp-json\/wp\/v2\/types\/post"}],"author":[{"embeddable":true,"href":"https:\/\/linitiative.ca\/International\/wp-json\/wp\/v2\/users\/1787"}],"replies":[{"embeddable":true,"href":"https:\/\/linitiative.ca\/International\/wp-json\/wp\/v2\/comments?post=86388"}],"version-history":[{"count":0,"href":"https:\/\/linitiative.ca\/International\/wp-json\/wp\/v2\/posts\/86388\/revisions"}],"wp:attachment":[{"href":"https:\/\/linitiative.ca\/International\/wp-json\/wp\/v2\/media?parent=86388"}],"wp:term":[{"taxonomy":"category","embeddable":true,"href":"https:\/\/linitiative.ca\/International\/wp-json\/wp\/v2\/categories?post=86388"},{"taxonomy":"post_tag","embeddable":true,"href":"https:\/\/linitiative.ca\/International\/wp-json\/wp\/v2\/tags?post=86388"}],"curies":[{"name":"wp","href":"https:\/\/api.w.org\/{rel}","templated":true}]}}