{"id":86389,"date":"2020-05-22T12:19:08","date_gmt":"2020-05-22T16:19:08","guid":{"rendered":"https:\/\/linitiative.ca\/International\/rapatriement-de-300-marocains-bloques-a-sebta\/"},"modified":"2020-05-22T12:19:08","modified_gmt":"2020-05-22T16:19:08","slug":"rapatriement-de-300-marocains-bloques-a-sebta","status":"publish","type":"post","link":"https:\/\/linitiative.ca\/International\/rapatriement-de-300-marocains-bloques-a-sebta\/","title":{"rendered":"Rapatriement de 300 Marocains bloqu\u00e9s \u00e0 Sebta"},"content":{"rendered":"<p><strong>Le rapatriement des Marocains bloqu\u00e9s dans les pr\u00e9sides de Sebta et Melilia se poursuit et devrait s\u2019achever avant la f\u00eate de l\u2019Aid Al Fitr.<\/strong><\/p>\n<div class=\"c10\"\/>\n<p>Apr\u00e8s une premi\u00e8re op\u00e9ration de <strong>rapatriement<\/strong>, effectu\u00e9e le weekend dernier, quelque 300 autres personnes ont \u00e9t\u00e9 rapatri\u00e9es de Sebta, ce vendredi. Selon les autorit\u00e9s marocaines, environ 150 \u00e0 200 autres Marocains attendent leur tour pour rentrer chez eux. Le premier groupe rapatri\u00e9 de Melilia, le weekend dernier, a \u00e9t\u00e9 mis en <strong>quatorzaine<\/strong> \u00e0 l\u2019h\u00f4tel cinq \u00e9toiles Be Live \u00e0 Sa\u00efdia.<\/p>\n<p>Lire aussi : <a href=\"https:\/\/www.challenge.ma\/saidia-les-marocains-rapatries-loges-dans-des-hotels-cinq-etoiles-140497\/\">Sa\u00efdia : Les Marocains rapatri\u00e9s de Melilia log\u00e9s dans un h\u00f4tel cinq \u00e9toiles<\/a><\/p>\n<p>Pour emp\u00eacher l\u2019expansion du nouveau coronavirus, le Maroc avait ferm\u00e9 le 13 mars ses fronti\u00e8res terrestres avec les pr\u00e9sides marocaines de Sebta et Melilia. En coordination avec Madrid, Rabat avait aussi suspendu les vols vers et depuis l\u2019Espagne, ainsi que le trafic maritime de passagers, habituellement tr\u00e8s dense dans le d\u00e9troit de Gibraltar. Plus de deux mois plus tard, le gouvernement marocain a fourni aux autorit\u00e9s espagnoles une liste de citoyens autoris\u00e9s \u00e0 rentrer, et depuis 10H30 (08H30 GMT), ils quittaient <strong>Sebta<\/strong> en bus pour rejoindre le Maroc.<\/p>\n<p>Quelque 31.800 Marocains sont bloqu\u00e9s aux quatre coins du monde depuis la suspension mi-mars des liaisons a\u00e9riennes depuis et vers le Maroc.<\/p>\n<p>Lisez gratuitement Challenge en version PDF en cliquant sur le lien suivant : <a rel=\"noreferrer noopener\" href=\"https:\/\/l.facebook.com\/l.php?u=https%3A%2F%2Femag.challenge.ma%2F744%2Fmobile%2Findex.html%3Ffbclid%3DIwAR3e6rLEJDzwBZDPd2oNWr9YZhxi6XqBm5BxgoQ9K-yndItMr77jD7X-4Xc&amp;h=AT3oLSNe3XEP7b9Njxzx3NJcBEImUr6RcbXKswzMT7aIzJUF-Z2ffil-USsIk3P6CLP-rNauO98tJvC9tGfpCrNla7hqJrezRCx7BxxVGx5VP-VowLcZYPyxhfJ2fhiYroszhTY&amp;__tn__=-UK-R&amp;c[0]=AT1OmqYu-qHmCx5KnZS3yBXk8e6NENbM2DWed834AcLrAfvuWm4NH5XeJyIQyT0yyFhyeDF6JPSb1qINMXTA8sbqfbkz6XJa9Y4T_yCAwBAFkHMkTz-o84PoCmiXxcIcTkVmuutksZCw6cycDrM58XFegRtn2Be01bmFGtQk6VHYJNL221INKeAFdI4O\" target=\"_blank\">https:\/\/emag.challenge.ma\/744\/mobile\/index.html<\/a><\/p>\n<p><img decoding=\"async\" src=\"https:\/\/www.challenge.ma\/wp-content\/uploads\/2020\/05\/1-Couverture-N\u00b0744-786x1024.jpg\" alt=\"\" class=\"wp-image-141186\" srcset=\"https:\/\/www.challenge.ma\/wp-content\/uploads\/2020\/05\/1-Couverture-N&#xB0;744-786x1024.jpg 786w, https:\/\/www.challenge.ma\/wp-content\/uploads\/2020\/05\/1-Couverture-N&#xB0;744-230x300.jpg 230w, https:\/\/www.challenge.ma\/wp-content\/uploads\/2020\/05\/1-Couverture-N&#xB0;744-768x1000.jpg 768w, https:\/\/www.challenge.ma\/wp-content\/uploads\/2020\/05\/1-Couverture-N&#xB0;744-360x469.jpg 360w, https:\/\/www.challenge.ma\/wp-content\/uploads\/2020\/05\/1-Couverture-N&#xB0;744-750x977.jpg 750w, https:\/\/www.challenge.ma\/wp-content\/uploads\/2020\/05\/1-Couverture-N&#xB0;744.jpg 900w\" sizes=\"(max-width: 786px) 100vw, 786px\"\/><\/p>\n<div class=\"c17\">\n<fieldset class=\"c16\">\n<legend><strong><span class=\"c11\">Challenge<\/span><span class=\"c12\">news<\/span><\/strong><\/legend>\n<div class=\"c15\">Le meilleur de Challenge s\u00e9lectionn\u00e9 par la r\u00e9daction :<\/p>\n<\/div>\n<\/fieldset>\n<\/div>\n<p>Auteur: Hassan Manyani<br \/>\n<a href=\"https:\/\/www.challenge.ma\/rapatriement-de-300-marocains-bloques-a-sebta-141238\/\">Cliquez ici pour lire l&rsquo;article depuis sa source.<\/a><\/p>\n","protected":false},"excerpt":{"rendered":"<p>Le rapatriement des Marocains bloqu\u00e9s dans les pr\u00e9sides de Sebta et Melilia se poursuit et devrait s\u2019achever avant la f\u00eate de l\u2019Aid Al Fitr. Apr\u00e8s une premi\u00e8re op\u00e9ration de rapatriement, effectu\u00e9e le weekend dernier, quelque 300 autres personnes ont \u00e9t\u00e9 rapatri\u00e9es de Sebta, ce vendredi. Selon les autorit\u00e9s marocaines, environ 150 \u00e0 200 autres Marocains [&hellip;]<\/p>\n","protected":false},"author":1787,"featured_media":86390,"comment_status":"closed","ping_status":"closed","sticky":false,"template":"","format":"standard","meta":{"fifu_image_url":"","fifu_image_alt":"","footnotes":""},"categories":[78,54],"tags":[],"class_list":["post-86389","post","type-post","status-publish","format-standard","has-post-thumbnail","hentry","category-economie","category-maroc"],"_links":{"self":[{"href":"https:\/\/linitiative.ca\/International\/wp-json\/wp\/v2\/posts\/86389","targetHints":{"allow":["GET"]}}],"collection":[{"href":"https:\/\/linitiative.ca\/International\/wp-json\/wp\/v2\/posts"}],"about":[{"href":"https:\/\/linitiative.ca\/International\/wp-json\/wp\/v2\/types\/post"}],"author":[{"embeddable":true,"href":"https:\/\/linitiative.ca\/International\/wp-json\/wp\/v2\/users\/1787"}],"replies":[{"embeddable":true,"href":"https:\/\/linitiative.ca\/International\/wp-json\/wp\/v2\/comments?post=86389"}],"version-history":[{"count":0,"href":"https:\/\/linitiative.ca\/International\/wp-json\/wp\/v2\/posts\/86389\/revisions"}],"wp:featuredmedia":[{"embeddable":true,"href":"https:\/\/linitiative.ca\/International\/wp-json\/"}],"wp:attachment":[{"href":"https:\/\/linitiative.ca\/International\/wp-json\/wp\/v2\/media?parent=86389"}],"wp:term":[{"taxonomy":"category","embeddable":true,"href":"https:\/\/linitiative.ca\/International\/wp-json\/wp\/v2\/categories?post=86389"},{"taxonomy":"post_tag","embeddable":true,"href":"https:\/\/linitiative.ca\/International\/wp-json\/wp\/v2\/tags?post=86389"}],"curies":[{"name":"wp","href":"https:\/\/api.w.org\/{rel}","templated":true}]}}