{"id":86393,"date":"2020-05-22T15:39:37","date_gmt":"2020-05-22T19:39:37","guid":{"rendered":"https:\/\/linitiative.ca\/International\/tunisie-derniere-minute-officiel-dimanche-24-mai-premier-jour-de-laid\/"},"modified":"2020-05-22T15:39:37","modified_gmt":"2020-05-22T19:39:37","slug":"tunisie-derniere-minute-officiel-dimanche-24-mai-premier-jour-de-laid","status":"publish","type":"post","link":"https:\/\/linitiative.ca\/International\/tunisie-derniere-minute-officiel-dimanche-24-mai-premier-jour-de-laid\/","title":{"rendered":"Tunisie \u2013 DERNIERE MINUTE \u2013 Officiel\u00a0: Dimanche 24 mai premier jour de l\u2019A\u00efd"},"content":{"rendered":"<div class=\"post-cont-in left relative\">\n<p>Les commissions d\u2019observation de la nouvelle lune de l\u2019A\u00efd \u00e0 travers le pays ont \u00e9t\u00e9 dans l\u2019incapacit\u00e9 d\u2019observer l\u2019astre.<\/p>\n<div class=\"code-block code-block-1 c4\"><ins class=\"adsbygoogle c3\" data-ad-layout=\"in-article\" data-ad-format=\"fluid\" data-ad-client=\"ca-pub-2102118777505746\" data-ad-slot=\"7301775417\"\/> <\/div>\n<p>Le mufti de la R\u00e9publique vient d\u2019annoncer officiellement, \u00e0 travers la cha\u00eene de TV nationale, que demain samedi sera le trenti\u00e8me jour du Ramadan et que le premier jour de l\u2019A\u00efd Al Fitr co\u00efncidera avec le dimanche 24 mai.<\/p>\n<div class=\"swp_social_panel swp_horizontal_panel swp_flat_fresh swp_default_full_color swp_individual_full_color swp_other_full_color scale-100 scale-\" data-min-width=\"1100\" data-float-color=\"#ffffff\" data-float=\"bottom\" data-float-mobile=\"bottom\" data-transition=\"slide\">\n<div class=\"nc_tweetContainer swp_share_button total_shares total_sharesalt\"><span class=\"swp_count\">125 <span class=\"swp_label\">Partages<\/span><\/span><\/div>\n<\/div>\n<p><strong>Que se passe-t-il en Tunisie?<\/strong><br \/>Nous expliquons sur notre <a href=\"https:\/\/www.youtube.com\/channel\/UCRzypVq0B_yBad5eGrwBx0Q?sub_confirmation=1\" target=\"_blank\" rel=\"noopener noreferrer\">cha\u00eene YouTube<\/a> . <a href=\"https:\/\/www.youtube.com\/channel\/UCRzypVq0B_yBad5eGrwBx0Q?sub_confirmation=1\" target=\"_blank\" rel=\"noopener noreferrer\">Abonnez-vous!<\/a><\/p>\n<div class=\"mvp-org-wrap mvp-org-logo\" itemprop=\"publisher\" itemscope=\"\" itemtype=\"https:\/\/schema.org\/Organization\"><img decoding=\"async\" src=\"https:\/\/www.tunisienumerique.com\/wp-content\/uploads\/2017\/02\/logo_tunisie_numerique.png\"\/><\/div>\n<div class=\"mvp-related-posts left relative\">\n<h4 class=\"post-header\"><span class=\"post-header\">Lire aussi<\/span><\/h4>\n<\/div>\n<div id=\"article-ad\"><ins class=\"adsbygoogle c5\" data-ad-client=\"ca-pub-2102118777505746\" data-ad-slot=\"6513972734\" data-ad-format=\"auto\" data-full-width-responsive=\"true\"\/> <\/div>\n<\/div>\n<div id=\"post-sidebar-wrap\"><ins class=\"adsbygoogle c5\" data-ad-client=\"ca-pub-2102118777505746\" data-ad-slot=\"6168283410\" data-ad-format=\"auto\" data-full-width-responsive=\"true\"\/> <\/div>\n<p>Auteur: LM<br \/>\n<a href=\"https:\/\/www.tunisienumerique.com\/tunisie-derniere-minute-officiel-dimanche-24-mai-premier-jour-de-laid\/\">Cliquez ici pour lire l&rsquo;article depuis sa source.<\/a><\/p>\n","protected":false},"excerpt":{"rendered":"<p>Les commissions d\u2019observation de la nouvelle lune de l\u2019A\u00efd \u00e0 travers le pays ont \u00e9t\u00e9 dans l\u2019incapacit\u00e9 d\u2019observer l\u2019astre. Le mufti de la R\u00e9publique vient d\u2019annoncer officiellement, \u00e0 travers la cha\u00eene de TV nationale, que demain samedi sera le trenti\u00e8me jour du Ramadan et que le premier jour de l\u2019A\u00efd Al Fitr co\u00efncidera avec le [&hellip;]<\/p>\n","protected":false},"author":1789,"featured_media":86394,"comment_status":"closed","ping_status":"closed","sticky":false,"template":"","format":"standard","meta":{"fifu_image_url":"","fifu_image_alt":"","footnotes":""},"categories":[73,55],"tags":[],"class_list":["post-86393","post","type-post","status-publish","format-standard","has-post-thumbnail","hentry","category-actualite","category-tunisie"],"_links":{"self":[{"href":"https:\/\/linitiative.ca\/International\/wp-json\/wp\/v2\/posts\/86393","targetHints":{"allow":["GET"]}}],"collection":[{"href":"https:\/\/linitiative.ca\/International\/wp-json\/wp\/v2\/posts"}],"about":[{"href":"https:\/\/linitiative.ca\/International\/wp-json\/wp\/v2\/types\/post"}],"author":[{"embeddable":true,"href":"https:\/\/linitiative.ca\/International\/wp-json\/wp\/v2\/users\/1789"}],"replies":[{"embeddable":true,"href":"https:\/\/linitiative.ca\/International\/wp-json\/wp\/v2\/comments?post=86393"}],"version-history":[{"count":0,"href":"https:\/\/linitiative.ca\/International\/wp-json\/wp\/v2\/posts\/86393\/revisions"}],"wp:featuredmedia":[{"embeddable":true,"href":"https:\/\/linitiative.ca\/International\/wp-json\/"}],"wp:attachment":[{"href":"https:\/\/linitiative.ca\/International\/wp-json\/wp\/v2\/media?parent=86393"}],"wp:term":[{"taxonomy":"category","embeddable":true,"href":"https:\/\/linitiative.ca\/International\/wp-json\/wp\/v2\/categories?post=86393"},{"taxonomy":"post_tag","embeddable":true,"href":"https:\/\/linitiative.ca\/International\/wp-json\/wp\/v2\/tags?post=86393"}],"curies":[{"name":"wp","href":"https:\/\/api.w.org\/{rel}","templated":true}]}}