{"id":86395,"date":"2020-05-22T16:03:00","date_gmt":"2020-05-22T20:03:00","guid":{"rendered":"https:\/\/linitiative.ca\/International\/salue-par-linde-la-tunisie-assure-le-rapatriement-de-25-indiens-via-un-avion-militaire\/"},"modified":"2020-05-22T16:03:00","modified_gmt":"2020-05-22T20:03:00","slug":"salue-par-linde-la-tunisie-assure-le-rapatriement-de-25-indiens-via-un-avion-militaire","status":"publish","type":"post","link":"https:\/\/linitiative.ca\/International\/salue-par-linde-la-tunisie-assure-le-rapatriement-de-25-indiens-via-un-avion-militaire\/","title":{"rendered":"Salu\u00e9 par l\u2019Inde  : La Tunisie assure le rapatriement de 25 Indiens via un avion militaire"},"content":{"rendered":"<div class=\"post-cont-in left relative\">\n<p>La Tunisie a organis\u00e9 jeudi le renvoi gratuit de 25 Indiens bloqu\u00e9s via un vol militaire.<br \/>Le vol qui a atterri \u00e0 Delhi vendredi matin a ramen\u00e9 ces Indiens.\u00a0L\u2019avion militaire \u00e9tait en route vers la Tha\u00eflande et le Vietnam pour rapatrier les citoyens tunisiens.<\/p>\n<div class=\"code-block code-block-1 c3\"><ins class=\"adsbygoogle c2\" data-ad-layout=\"in-article\" data-ad-format=\"fluid\" data-ad-client=\"ca-pub-2102118777505746\" data-ad-slot=\"7301775417\"\/> <\/div>\n<p>L\u2019Inde et la Tunisie partagent des liens chaleureux depuis des d\u00e9cennies.<br \/>Plus t\u00f4t cette ann\u00e9e, lors de la visite du ministre indien des Affaires Etrang\u00e8res \u00e0 Tunis, les deux parties ont sign\u00e9 un protocole d\u2019accord sur la cr\u00e9ation d\u2019un centre tuniso-indien pour l\u2019innovation dans les technologies de l\u2019information et de la communication dans le pays d\u2019Afrique du Nord<\/p>\n<p>Le ministre des Affaires ext\u00e9rieures du gouvernement indien Subrahmanyam\u00a0Jaishankar avait salu\u00e9 l\u2019exp\u00e9rience d\u00e9mocratique en Tunisie, exprimant la volont\u00e9 de son pays de diversifier davantage les domaines de coop\u00e9ration entre les deux pays et de profiter des opportunit\u00e9s offertes en termes d\u2019investissement et de partenariat.\u00a0Il a \u00e9galement fait part de la volont\u00e9 de son pays d\u2019\u00e9laborer une feuille de route d\u00e9finissant les priorit\u00e9s de la coop\u00e9ration bilat\u00e9rale.<\/p>\n<div class=\"swp_social_panel swp_horizontal_panel swp_flat_fresh swp_default_full_color swp_individual_full_color swp_other_full_color scale-100 scale-\" data-min-width=\"1100\" data-float-color=\"#ffffff\" data-float=\"bottom\" data-float-mobile=\"bottom\" data-transition=\"slide\">\n<div class=\"nc_tweetContainer swp_share_button total_shares total_sharesalt\"><span class=\"swp_count\">7 <span class=\"swp_label\">Partages<\/span><\/span><\/div>\n<\/div>\n<p><strong>Que se passe-t-il en Tunisie?<\/strong><br \/>Nous expliquons sur notre <a href=\"https:\/\/www.youtube.com\/channel\/UCRzypVq0B_yBad5eGrwBx0Q?sub_confirmation=1\" target=\"_blank\" rel=\"noopener noreferrer\">cha\u00eene YouTube<\/a> . <a href=\"https:\/\/www.youtube.com\/channel\/UCRzypVq0B_yBad5eGrwBx0Q?sub_confirmation=1\" target=\"_blank\" rel=\"noopener noreferrer\">Abonnez-vous!<\/a><\/p>\n<div class=\"mvp-org-wrap mvp-org-logo\" itemprop=\"publisher\" itemscope=\"\" itemtype=\"https:\/\/schema.org\/Organization\"><img decoding=\"async\" src=\"https:\/\/www.tunisienumerique.com\/wp-content\/uploads\/2017\/02\/logo_tunisie_numerique.png\"\/><\/div>\n<div class=\"mvp-related-posts left relative\">\n<h4 class=\"post-header\"><span class=\"post-header\">Lire aussi<\/span><\/h4>\n<\/div>\n<div id=\"article-ad\"><ins class=\"adsbygoogle c4\" data-ad-client=\"ca-pub-2102118777505746\" data-ad-slot=\"6513972734\" data-ad-format=\"auto\" data-full-width-responsive=\"true\"\/> <\/div>\n<\/div>\n<div id=\"post-sidebar-wrap\"><ins class=\"adsbygoogle c4\" data-ad-client=\"ca-pub-2102118777505746\" data-ad-slot=\"6168283410\" data-ad-format=\"auto\" data-full-width-responsive=\"true\"\/> <\/div>\n<p>Auteur: balkis<br \/>\n<a href=\"https:\/\/www.tunisienumerique.com\/salue-par-linde-la-tunisie-assure-le-rapatriement-de-25-indiens-via-un-avion-militaire\/\">Cliquez ici pour lire l&rsquo;article depuis sa source.<\/a><\/p>\n","protected":false},"excerpt":{"rendered":"<p>La Tunisie a organis\u00e9 jeudi le renvoi gratuit de 25 Indiens bloqu\u00e9s via un vol militaire.Le vol qui a atterri \u00e0 Delhi vendredi matin a ramen\u00e9 ces Indiens.\u00a0L\u2019avion militaire \u00e9tait en route vers la Tha\u00eflande et le Vietnam pour rapatrier les citoyens tunisiens. L\u2019Inde et la Tunisie partagent des liens chaleureux depuis des d\u00e9cennies.Plus t\u00f4t [&hellip;]<\/p>\n","protected":false},"author":1789,"featured_media":86396,"comment_status":"closed","ping_status":"closed","sticky":false,"template":"","format":"standard","meta":{"fifu_image_url":"","fifu_image_alt":"","footnotes":""},"categories":[73,55],"tags":[],"class_list":["post-86395","post","type-post","status-publish","format-standard","has-post-thumbnail","hentry","category-actualite","category-tunisie"],"_links":{"self":[{"href":"https:\/\/linitiative.ca\/International\/wp-json\/wp\/v2\/posts\/86395","targetHints":{"allow":["GET"]}}],"collection":[{"href":"https:\/\/linitiative.ca\/International\/wp-json\/wp\/v2\/posts"}],"about":[{"href":"https:\/\/linitiative.ca\/International\/wp-json\/wp\/v2\/types\/post"}],"author":[{"embeddable":true,"href":"https:\/\/linitiative.ca\/International\/wp-json\/wp\/v2\/users\/1789"}],"replies":[{"embeddable":true,"href":"https:\/\/linitiative.ca\/International\/wp-json\/wp\/v2\/comments?post=86395"}],"version-history":[{"count":0,"href":"https:\/\/linitiative.ca\/International\/wp-json\/wp\/v2\/posts\/86395\/revisions"}],"wp:featuredmedia":[{"embeddable":true,"href":"https:\/\/linitiative.ca\/International\/wp-json\/"}],"wp:attachment":[{"href":"https:\/\/linitiative.ca\/International\/wp-json\/wp\/v2\/media?parent=86395"}],"wp:term":[{"taxonomy":"category","embeddable":true,"href":"https:\/\/linitiative.ca\/International\/wp-json\/wp\/v2\/categories?post=86395"},{"taxonomy":"post_tag","embeddable":true,"href":"https:\/\/linitiative.ca\/International\/wp-json\/wp\/v2\/tags?post=86395"}],"curies":[{"name":"wp","href":"https:\/\/api.w.org\/{rel}","templated":true}]}}