{"id":86397,"date":"2020-05-22T16:09:08","date_gmt":"2020-05-22T20:09:08","guid":{"rendered":"https:\/\/linitiative.ca\/International\/tunisie-luget-appelle-au-report-de-la-reprise-des-cours-universitaires-au-mois-de-septembre\/"},"modified":"2020-05-22T16:09:08","modified_gmt":"2020-05-22T20:09:08","slug":"tunisie-luget-appelle-au-report-de-la-reprise-des-cours-universitaires-au-mois-de-septembre","status":"publish","type":"post","link":"https:\/\/linitiative.ca\/International\/tunisie-luget-appelle-au-report-de-la-reprise-des-cours-universitaires-au-mois-de-septembre\/","title":{"rendered":"Tunisie \u2013 L\u2019UGET appelle au report de la reprise des cours universitaires au mois de septembre"},"content":{"rendered":"<div class=\"post-cont-in left relative\">\n<p>Le membre du bureau ex\u00e9cutif de l\u2019Union G\u00e9n\u00e9rale des Etudiants Tunisiens, Hichem Amdouni a annonc\u00e9 ce vendredi que l\u2019Union a appel\u00e9 les autorit\u00e9s de tutelles \u00e0 reporter la reprise des cours et des examens universitaires au mois de septembre. Et ceci, dans le cas o\u00f9 les \u00e9tablissements universitaires n\u2019ont pas encore pr\u00e9par\u00e9 tous les moyens de protection n\u00e9cessaires contre le Covid.<\/p>\n<div class=\"code-block code-block-1 c3\"><ins class=\"adsbygoogle c2\" data-ad-layout=\"in-article\" data-ad-format=\"fluid\" data-ad-client=\"ca-pub-2102118777505746\" data-ad-slot=\"7301775417\"\/> <\/div>\n<p>Il a ajout\u00e9 que les universit\u00e9s n\u2019ont, jusqu\u2019\u00e0 pr\u00e9sent pas fait parvenir aux repr\u00e9sentants des \u00e9tudiants, les protocoles \u00e0 observer pour la rentr\u00e9e.<\/p>\n<p>Il a pr\u00e9cis\u00e9 que la plupart des \u00e9tablissements universitaires ne se sont pas pr\u00e9par\u00e9s \u00e0 cette reprise, notamment en mati\u00e8re de fourniture des moyens de protection comme les bavettes et le gel hydro alcoolique.<\/p>\n<p>Amdouni a aussi, appel\u00e9 le minist\u00e8re de l\u2019Enseignement sup\u00e9rieur \u00e0 mettre \u00e0 la disposition des \u00e9tudiants des chambres dans les foyers universitaires en nombre suffisant, pour respecter les mesures de distanciation sociale. Il a ajout\u00e9 que les \u00e9tudiants issus de familles \u00e0 revenus r\u00e9duits devraient obtenir des bourses exceptionnelles de 150 DT, pour les aider \u00e0 faire face aux d\u00e9penses qu\u2019ils vont devoir faire.<\/p>\n<div class=\"swp_social_panel swp_horizontal_panel swp_flat_fresh swp_default_full_color swp_individual_full_color swp_other_full_color scale-100 scale-\" data-min-width=\"1100\" data-float-color=\"#ffffff\" data-float=\"bottom\" data-float-mobile=\"bottom\" data-transition=\"slide\">\n<div class=\"nc_tweetContainer swp_share_button total_shares total_sharesalt\"><span class=\"swp_count\">7 <span class=\"swp_label\">Partages<\/span><\/span><\/div>\n<\/div>\n<p><strong>Que se passe-t-il en Tunisie?<\/strong><br \/>Nous expliquons sur notre <a href=\"https:\/\/www.youtube.com\/channel\/UCRzypVq0B_yBad5eGrwBx0Q?sub_confirmation=1\" target=\"_blank\" rel=\"noopener noreferrer\">cha\u00eene YouTube<\/a> . <a href=\"https:\/\/www.youtube.com\/channel\/UCRzypVq0B_yBad5eGrwBx0Q?sub_confirmation=1\" target=\"_blank\" rel=\"noopener noreferrer\">Abonnez-vous!<\/a><\/p>\n<div class=\"mvp-org-wrap mvp-org-logo\" itemprop=\"publisher\" itemscope=\"\" itemtype=\"https:\/\/schema.org\/Organization\"><img decoding=\"async\" src=\"https:\/\/www.tunisienumerique.com\/wp-content\/uploads\/2017\/02\/logo_tunisie_numerique.png\"\/><\/div>\n<div class=\"mvp-related-posts left relative\">\n<h4 class=\"post-header\"><span class=\"post-header\">Lire aussi<\/span><\/h4>\n<\/div>\n<div id=\"article-ad\"><ins class=\"adsbygoogle c4\" data-ad-client=\"ca-pub-2102118777505746\" data-ad-slot=\"6513972734\" data-ad-format=\"auto\" data-full-width-responsive=\"true\"\/> <\/div>\n<\/div>\n<div id=\"post-sidebar-wrap\"><ins class=\"adsbygoogle c4\" data-ad-client=\"ca-pub-2102118777505746\" data-ad-slot=\"6168283410\" data-ad-format=\"auto\" data-full-width-responsive=\"true\"\/> <\/div>\n<p>Auteur: LM<br \/>\n<a href=\"https:\/\/www.tunisienumerique.com\/tunisie-luget-appelle-au-report-de-la-reprise-des-cours-universitaires-au-mois-de-septembre\/\">Cliquez ici pour lire l&rsquo;article depuis sa source.<\/a><\/p>\n","protected":false},"excerpt":{"rendered":"<p>Le membre du bureau ex\u00e9cutif de l\u2019Union G\u00e9n\u00e9rale des Etudiants Tunisiens, Hichem Amdouni a annonc\u00e9 ce vendredi que l\u2019Union a appel\u00e9 les autorit\u00e9s de tutelles \u00e0 reporter la reprise des cours et des examens universitaires au mois de septembre. Et ceci, dans le cas o\u00f9 les \u00e9tablissements universitaires n\u2019ont pas encore pr\u00e9par\u00e9 tous les moyens [&hellip;]<\/p>\n","protected":false},"author":1789,"featured_media":86398,"comment_status":"closed","ping_status":"closed","sticky":false,"template":"","format":"standard","meta":{"fifu_image_url":"","fifu_image_alt":"","footnotes":""},"categories":[73,55],"tags":[],"class_list":["post-86397","post","type-post","status-publish","format-standard","has-post-thumbnail","hentry","category-actualite","category-tunisie"],"_links":{"self":[{"href":"https:\/\/linitiative.ca\/International\/wp-json\/wp\/v2\/posts\/86397","targetHints":{"allow":["GET"]}}],"collection":[{"href":"https:\/\/linitiative.ca\/International\/wp-json\/wp\/v2\/posts"}],"about":[{"href":"https:\/\/linitiative.ca\/International\/wp-json\/wp\/v2\/types\/post"}],"author":[{"embeddable":true,"href":"https:\/\/linitiative.ca\/International\/wp-json\/wp\/v2\/users\/1789"}],"replies":[{"embeddable":true,"href":"https:\/\/linitiative.ca\/International\/wp-json\/wp\/v2\/comments?post=86397"}],"version-history":[{"count":0,"href":"https:\/\/linitiative.ca\/International\/wp-json\/wp\/v2\/posts\/86397\/revisions"}],"wp:featuredmedia":[{"embeddable":true,"href":"https:\/\/linitiative.ca\/International\/wp-json\/"}],"wp:attachment":[{"href":"https:\/\/linitiative.ca\/International\/wp-json\/wp\/v2\/media?parent=86397"}],"wp:term":[{"taxonomy":"category","embeddable":true,"href":"https:\/\/linitiative.ca\/International\/wp-json\/wp\/v2\/categories?post=86397"},{"taxonomy":"post_tag","embeddable":true,"href":"https:\/\/linitiative.ca\/International\/wp-json\/wp\/v2\/tags?post=86397"}],"curies":[{"name":"wp","href":"https:\/\/api.w.org\/{rel}","templated":true}]}}