{"id":86399,"date":"2020-05-22T16:18:36","date_gmt":"2020-05-22T20:18:36","guid":{"rendered":"https:\/\/linitiative.ca\/International\/tunisie-reouverture-cette-nuit-du-passage-de-ras-jedir\/"},"modified":"2020-05-22T16:18:36","modified_gmt":"2020-05-22T20:18:36","slug":"tunisie-reouverture-cette-nuit-du-passage-de-ras-jedir","status":"publish","type":"post","link":"https:\/\/linitiative.ca\/International\/tunisie-reouverture-cette-nuit-du-passage-de-ras-jedir\/","title":{"rendered":"Tunisie \u2013 R\u00e9ouverture cette nuit du passage de Ras Jedir"},"content":{"rendered":"<div class=\"post-cont-in left relative\">\n<p>Le d\u00e9l\u00e9gu\u00e9 de ben Guerd\u00e8ne a assur\u00e9, ce soir, que le passage frontalier de Ras jedir sera ouvert, cette nuit, devant les tunisiens qui sont rest\u00e9s coinc\u00e9s en territoire libyen. Il a pr\u00e9cis\u00e9 que les autorit\u00e9s sont fin pr\u00eates pour faire subir aux arrivants toutes les mesures pr\u00e9vues, sur le plan sanitaire et s\u00e9curitaire. Il a ajout\u00e9 que des bus de la soci\u00e9t\u00e9 r\u00e9gionale des transports de Medenine ont \u00e9t\u00e9 r\u00e9quisitionn\u00e9s pour emmener les arrivants de Ras Jedir dans les centres de quarantaine.<\/p>\n<div class=\"code-block code-block-1 c3\"><ins class=\"adsbygoogle c2\" data-ad-layout=\"in-article\" data-ad-format=\"fluid\" data-ad-client=\"ca-pub-2102118777505746\" data-ad-slot=\"7301775417\"\/> <\/div>\n<p>Le d\u00e9l\u00e9gu\u00e9 a ajout\u00e9 qu\u2019au moins 450 libyens ont \u00e9t\u00e9 autoris\u00e9s \u00e0 quitter les centres de quarantaines et seront autoris\u00e9s \u00e0 partir en Libye, cette nuit.<\/p>\n<div class=\"swp_social_panel swp_horizontal_panel swp_flat_fresh swp_default_full_color swp_individual_full_color swp_other_full_color scale-100 scale-\" data-min-width=\"1100\" data-float-color=\"#ffffff\" data-float=\"bottom\" data-float-mobile=\"bottom\" data-transition=\"slide\">\n<div class=\"nc_tweetContainer swp_share_button total_shares total_sharesalt\"><span class=\"swp_count\">7 <span class=\"swp_label\">Partages<\/span><\/span><\/div>\n<\/div>\n<p><strong>Que se passe-t-il en Tunisie?<\/strong><br \/>Nous expliquons sur notre <a href=\"https:\/\/www.youtube.com\/channel\/UCRzypVq0B_yBad5eGrwBx0Q?sub_confirmation=1\" target=\"_blank\" rel=\"noopener noreferrer\">cha\u00eene YouTube<\/a> . <a href=\"https:\/\/www.youtube.com\/channel\/UCRzypVq0B_yBad5eGrwBx0Q?sub_confirmation=1\" target=\"_blank\" rel=\"noopener noreferrer\">Abonnez-vous!<\/a><\/p>\n<div class=\"mvp-org-wrap mvp-org-logo\" itemprop=\"publisher\" itemscope=\"\" itemtype=\"https:\/\/schema.org\/Organization\"><img decoding=\"async\" src=\"https:\/\/www.tunisienumerique.com\/wp-content\/uploads\/2017\/02\/logo_tunisie_numerique.png\"\/><\/div>\n<div class=\"mvp-related-posts left relative\">\n<h4 class=\"post-header\"><span class=\"post-header\">Lire aussi<\/span><\/h4>\n<\/div>\n<div id=\"article-ad\"><ins class=\"adsbygoogle c4\" data-ad-client=\"ca-pub-2102118777505746\" data-ad-slot=\"6513972734\" data-ad-format=\"auto\" data-full-width-responsive=\"true\"\/> <\/div>\n<\/div>\n<div id=\"post-sidebar-wrap\"><ins class=\"adsbygoogle c4\" data-ad-client=\"ca-pub-2102118777505746\" data-ad-slot=\"6168283410\" data-ad-format=\"auto\" data-full-width-responsive=\"true\"\/> <\/div>\n<p>Auteur: LM<br \/>\n<a href=\"https:\/\/www.tunisienumerique.com\/tunisie-reouverture-cette-nuit-du-passage-de-ras-jedir\/\">Cliquez ici pour lire l&rsquo;article depuis sa source.<\/a><\/p>\n","protected":false},"excerpt":{"rendered":"<p>Le d\u00e9l\u00e9gu\u00e9 de ben Guerd\u00e8ne a assur\u00e9, ce soir, que le passage frontalier de Ras jedir sera ouvert, cette nuit, devant les tunisiens qui sont rest\u00e9s coinc\u00e9s en territoire libyen. Il a pr\u00e9cis\u00e9 que les autorit\u00e9s sont fin pr\u00eates pour faire subir aux arrivants toutes les mesures pr\u00e9vues, sur le plan sanitaire et s\u00e9curitaire. Il [&hellip;]<\/p>\n","protected":false},"author":1789,"featured_media":86400,"comment_status":"closed","ping_status":"closed","sticky":false,"template":"","format":"standard","meta":{"fifu_image_url":"","fifu_image_alt":"","footnotes":""},"categories":[73,55],"tags":[],"class_list":["post-86399","post","type-post","status-publish","format-standard","has-post-thumbnail","hentry","category-actualite","category-tunisie"],"_links":{"self":[{"href":"https:\/\/linitiative.ca\/International\/wp-json\/wp\/v2\/posts\/86399","targetHints":{"allow":["GET"]}}],"collection":[{"href":"https:\/\/linitiative.ca\/International\/wp-json\/wp\/v2\/posts"}],"about":[{"href":"https:\/\/linitiative.ca\/International\/wp-json\/wp\/v2\/types\/post"}],"author":[{"embeddable":true,"href":"https:\/\/linitiative.ca\/International\/wp-json\/wp\/v2\/users\/1789"}],"replies":[{"embeddable":true,"href":"https:\/\/linitiative.ca\/International\/wp-json\/wp\/v2\/comments?post=86399"}],"version-history":[{"count":0,"href":"https:\/\/linitiative.ca\/International\/wp-json\/wp\/v2\/posts\/86399\/revisions"}],"wp:featuredmedia":[{"embeddable":true,"href":"https:\/\/linitiative.ca\/International\/wp-json\/"}],"wp:attachment":[{"href":"https:\/\/linitiative.ca\/International\/wp-json\/wp\/v2\/media?parent=86399"}],"wp:term":[{"taxonomy":"category","embeddable":true,"href":"https:\/\/linitiative.ca\/International\/wp-json\/wp\/v2\/categories?post=86399"},{"taxonomy":"post_tag","embeddable":true,"href":"https:\/\/linitiative.ca\/International\/wp-json\/wp\/v2\/tags?post=86399"}],"curies":[{"name":"wp","href":"https:\/\/api.w.org\/{rel}","templated":true}]}}