{"id":86401,"date":"2020-05-22T16:59:33","date_gmt":"2020-05-22T20:59:33","guid":{"rendered":"https:\/\/linitiative.ca\/International\/tunisie-video-le-conseil-des-sages-libyen-appelle-les-tunisiens-a-contrer-linterventionnisme-de-ghannouchi-dans-les-affaires-libyennes\/"},"modified":"2020-05-22T16:59:33","modified_gmt":"2020-05-22T20:59:33","slug":"tunisie-video-le-conseil-des-sages-libyen-appelle-les-tunisiens-a-contrer-linterventionnisme-de-ghannouchi-dans-les-affaires-libyennes","status":"publish","type":"post","link":"https:\/\/linitiative.ca\/International\/tunisie-video-le-conseil-des-sages-libyen-appelle-les-tunisiens-a-contrer-linterventionnisme-de-ghannouchi-dans-les-affaires-libyennes\/","title":{"rendered":"Tunisie \u2013 VIDEO\u00a0: Le Conseil des sages libyen appelle les tunisiens \u00e0 contrer l\u2019interventionnisme de Ghannouchi dans les affaires libyennes"},"content":{"rendered":"<div class=\"post-cont-in left relative\">\n<p>Le conseil libyen des chefs des tribus et des sages a diffus\u00e9, \u00e0 l\u2019issue de sa derni\u00e8re r\u00e9union un communiqu\u00e9 dans lequel il condamne l\u2019intervention et les vis\u00e9es colonialistes turques en Libye et promet de tout faire pour renvoyer ces n\u00e9o-colons du sol libyen.<\/p>\n<div class=\"code-block code-block-1 c4\"><ins class=\"adsbygoogle c3\" data-ad-layout=\"in-article\" data-ad-format=\"fluid\" data-ad-client=\"ca-pub-2102118777505746\" data-ad-slot=\"7301775417\"\/> <\/div>\n<p>Par ailleurs, le conseil appelle le peuple tunisien \u00e0 contrer l\u2019interventionnisme des fr\u00e8res musulmans de Tunisie pr\u00e9sid\u00e9s par <a href=\"https:\/\/www.tunisienumerique.com\/tunisie-actualite\/rached-ghannouchi\/\" title=\"Rached Ghannouchi\" target=\"_top\" class=\"auto-link\" rel=\"noopener noreferrer\">Rached Ghannouchi<\/a>, dans les affaires libyennes internes, en mena\u00e7ant que ce comportement est de nature \u00e0 d\u00e9t\u00e9riorer les relations fraternelles entre les deux peuples tunisien et libyen.<\/p>\n<p>Le conseil a condamn\u00e9 les propos de Rached Ghannouchi qui louait l\u2019intervention turque en Libye et l\u2019installation d\u2019une base \u00e0 eux sur le sol libyen, qui constituera leur poste avanc\u00e9 pour la d\u00e9stabilisation des pays de l\u2019Afrique du Nord.<\/p>\n<div class=\"swp_social_panel swp_horizontal_panel swp_flat_fresh swp_default_full_color swp_individual_full_color swp_other_full_color scale-100 scale-\" data-min-width=\"1100\" data-float-color=\"#ffffff\" data-float=\"bottom\" data-float-mobile=\"bottom\" data-transition=\"slide\">\n<div class=\"nc_tweetContainer swp_share_button total_shares total_sharesalt\"><span class=\"swp_count\">1 <span class=\"swp_label\">Partages<\/span><\/span><\/div>\n<\/div>\n<p><strong>Que se passe-t-il en Tunisie?<\/strong><br \/>Nous expliquons sur notre <a href=\"https:\/\/www.youtube.com\/channel\/UCRzypVq0B_yBad5eGrwBx0Q?sub_confirmation=1\" target=\"_blank\" rel=\"noopener noreferrer\">cha\u00eene YouTube<\/a> . <a href=\"https:\/\/www.youtube.com\/channel\/UCRzypVq0B_yBad5eGrwBx0Q?sub_confirmation=1\" target=\"_blank\" rel=\"noopener noreferrer\">Abonnez-vous!<\/a><\/p>\n<div class=\"mvp-org-wrap mvp-org-logo\" itemprop=\"publisher\" itemscope=\"\" itemtype=\"https:\/\/schema.org\/Organization\"><img decoding=\"async\" src=\"https:\/\/www.tunisienumerique.com\/wp-content\/uploads\/2017\/02\/logo_tunisie_numerique.png\"\/><\/div>\n<div class=\"mvp-related-posts left relative\">\n<h4 class=\"post-header\"><span class=\"post-header\">Lire aussi<\/span><\/h4>\n<\/div>\n<div id=\"article-ad\"><ins class=\"adsbygoogle c5\" data-ad-client=\"ca-pub-2102118777505746\" data-ad-slot=\"6513972734\" data-ad-format=\"auto\" data-full-width-responsive=\"true\"\/> <\/div>\n<\/div>\n<div id=\"post-sidebar-wrap\"><ins class=\"adsbygoogle c5\" data-ad-client=\"ca-pub-2102118777505746\" data-ad-slot=\"6168283410\" data-ad-format=\"auto\" data-full-width-responsive=\"true\"\/> <\/div>\n<p>Auteur: LM<br \/>\n<a href=\"https:\/\/www.tunisienumerique.com\/tunisie-video-le-conseil-des-sages-libyen-appelle-les-tunisiens-a-contrer-linterventionnisme-de-ghannouchi-dans-les-affaires-libyennes\/\">Cliquez ici pour lire l&rsquo;article depuis sa source.<\/a><\/p>\n","protected":false},"excerpt":{"rendered":"<p>Le conseil libyen des chefs des tribus et des sages a diffus\u00e9, \u00e0 l\u2019issue de sa derni\u00e8re r\u00e9union un communiqu\u00e9 dans lequel il condamne l\u2019intervention et les vis\u00e9es colonialistes turques en Libye et promet de tout faire pour renvoyer ces n\u00e9o-colons du sol libyen. Par ailleurs, le conseil appelle le peuple tunisien \u00e0 contrer l\u2019interventionnisme [&hellip;]<\/p>\n","protected":false},"author":1789,"featured_media":86402,"comment_status":"closed","ping_status":"closed","sticky":false,"template":"","format":"standard","meta":{"fifu_image_url":"","fifu_image_alt":"","footnotes":""},"categories":[73,55],"tags":[],"class_list":["post-86401","post","type-post","status-publish","format-standard","has-post-thumbnail","hentry","category-actualite","category-tunisie"],"_links":{"self":[{"href":"https:\/\/linitiative.ca\/International\/wp-json\/wp\/v2\/posts\/86401","targetHints":{"allow":["GET"]}}],"collection":[{"href":"https:\/\/linitiative.ca\/International\/wp-json\/wp\/v2\/posts"}],"about":[{"href":"https:\/\/linitiative.ca\/International\/wp-json\/wp\/v2\/types\/post"}],"author":[{"embeddable":true,"href":"https:\/\/linitiative.ca\/International\/wp-json\/wp\/v2\/users\/1789"}],"replies":[{"embeddable":true,"href":"https:\/\/linitiative.ca\/International\/wp-json\/wp\/v2\/comments?post=86401"}],"version-history":[{"count":0,"href":"https:\/\/linitiative.ca\/International\/wp-json\/wp\/v2\/posts\/86401\/revisions"}],"wp:featuredmedia":[{"embeddable":true,"href":"https:\/\/linitiative.ca\/International\/wp-json\/"}],"wp:attachment":[{"href":"https:\/\/linitiative.ca\/International\/wp-json\/wp\/v2\/media?parent=86401"}],"wp:term":[{"taxonomy":"category","embeddable":true,"href":"https:\/\/linitiative.ca\/International\/wp-json\/wp\/v2\/categories?post=86401"},{"taxonomy":"post_tag","embeddable":true,"href":"https:\/\/linitiative.ca\/International\/wp-json\/wp\/v2\/tags?post=86401"}],"curies":[{"name":"wp","href":"https:\/\/api.w.org\/{rel}","templated":true}]}}