{"id":86403,"date":"2020-05-21T20:17:48","date_gmt":"2020-05-22T00:17:48","guid":{"rendered":"https:\/\/linitiative.ca\/International\/fete-de-lascension-les-fideles-catholiques-retrouvent-les-eglises\/"},"modified":"2020-05-21T20:17:48","modified_gmt":"2020-05-22T00:17:48","slug":"fete-de-lascension-les-fideles-catholiques-retrouvent-les-eglises","status":"publish","type":"post","link":"https:\/\/linitiative.ca\/International\/fete-de-lascension-les-fideles-catholiques-retrouvent-les-eglises\/","title":{"rendered":"F\u00eate de l\u2019Ascension: les fid\u00e8les catholiques retrouvent les \u00e9glises"},"content":{"rendered":"<div class=\"td-post-featured-image\"><a href=\"https:\/\/www.sidwaya.info\/wp-content\/uploads\/2020\/05\/cathedrale022-2.jpg\" data-caption=\"\"><img loading=\"lazy\" decoding=\"async\" width=\"696\" height=\"465\" class=\"entry-thumb td-modal-image\" src=\"https:\/\/www.sidwaya.info\/wp-content\/uploads\/2020\/05\/cathedrale022-2-696x465.jpg\" srcset=\"https:\/\/www.sidwaya.info\/wp-content\/uploads\/2020\/05\/cathedrale022-2-696x465.jpg 696w, https:\/\/www.sidwaya.info\/wp-content\/uploads\/2020\/05\/cathedrale022-2-300x200.jpg 300w, https:\/\/www.sidwaya.info\/wp-content\/uploads\/2020\/05\/cathedrale022-2-768x513.jpg 768w, https:\/\/www.sidwaya.info\/wp-content\/uploads\/2020\/05\/cathedrale022-2-629x420.jpg 629w, https:\/\/www.sidwaya.info\/wp-content\/uploads\/2020\/05\/cathedrale022-2.jpg 779w\" sizes=\"auto, (max-width: 696px) 100vw, 696px\" alt=\"\" title=\"cathedrale022\"\/><\/a><\/div>\n<p><strong>Les fid\u00e8les catholiques ont repris \u00e0 nouveau le chemin des \u00e9glises. Le jeudi 21 mai 2020 \u00e0 la cath\u00e9drale de Ouagadougou, jour de l\u2019Ascension, ils ont c\u00e9l\u00e9br\u00e9 la mont\u00e9e du Christ au ciel, dans le strict respect des mesures sanitaires contre la COVID-19.<\/strong><\/p>\n<p>Apr\u00e8s deux mois de fermeture des \u00e9glises catholiques, \u00e0 la suite de la demande de la Conf\u00e9rence \u00e9piscopale Burkina-Niger, afin d\u2019\u00e9viter la propagation de la COVID-19, c\u2019est dans la joie que les fid\u00e8les se sont retrouv\u00e9s, le jeudi 21 mai 2020 \u00e0 Ouagadougou, jour de l\u2019Ascension pour glorifier le Seigneur. A la cath\u00e9drale de Ouagadougou, l\u2019acc\u00e8s \u00e0 la cour \u00e9tait conditionn\u00e9 par le port obligatoire du cache-nez. A l\u2019entr\u00e9e, des dispositifs de lave-mains et du gel hydroalcoolique \u00e9taient visibles. Dans la salle de l\u2019\u00e9glise, tout comme au dehors o\u00f9 des tentes \u00e9taient dress\u00e9es avec des chaises et des bancs, la mesure de distanciation sociale \u00e9tait respect\u00e9e. Chants, louanges, danses et applaudissements ont ponctu\u00e9 cette f\u00eate. Le Cardinal Philippe Ou\u00e9draogo a rendu gr\u00e2ce au Seigneur pour ce jour b\u00e9ni, qui a permis aux fid\u00e8les de se retrouver autour de la table de la parole et celle de l\u2019Eucharistie, pour une c\u00e9l\u00e9bration liturgique communautaire et il a esp\u00e9r\u00e9 qu\u2019il n\u2019y aura plus de confinement.<br \/>Il a rappel\u00e9 que l\u2019\u00e9vangile a dit que 40 jours apr\u00e8s sa r\u00e9surrection, J\u00e9sus a cess\u00e9 de se manifester de fa\u00e7on physique \u00e0 ses disciples et il leur avait donn\u00e9 rendez-vous sur la montagne de Galil\u00e9e et c\u2019est de l\u00e0-bas, qu\u2019il est mont\u00e9 au ciel. \u00ab Les disciples \u00e9taient l\u00e0 \u00e0 fixer le ciel et un ange leur a dit que J\u00e9sus \u00e9tait mont\u00e9 et ils devraient retourner. C\u2019est ce jour o\u00f9 J\u00e9sus a laiss\u00e9 sa derni\u00e8re volont\u00e9 aux siens et aux baptis\u00e9s\u00bb, a-t-il expliqu\u00e9. Le Cardinal a, par ailleurs, not\u00e9 que tous les sacrements seront donn\u00e9s d\u2019ici les mois de juillet et ao\u00fbt. Passer pr\u00e8s de 80 jours de confinement n\u2019\u00e9tait pas ais\u00e9 pour Nad\u00e8ge Sorgho, m\u00eame si elle a reconnu que Christ peut \u00eatre lou\u00e9, quel que soit l\u2019endroit o\u00f9 on se trouve. Elle a exprim\u00e9 toute sa satisfaction que les portes des \u00e9glises soient rouvertes aux fid\u00e8les, en ce jour de l\u2019Ascension. Mme Sorgho a invit\u00e9 ses fr\u00e8res et s\u0153urs des autres religions, \u00e0 respecter les mesures-barri\u00e8res dans leurs lieux de culte. La joie se lisait \u00e9galement sur le visage de Elfriede Zida, une autre fid\u00e8le catholique. \u00ab Il est vrai que les mesures \u00e9dict\u00e9es sont contraignantes, mais nous ne pouvons qu\u2019ob\u00e9ir si nous voulons \u00e9viter le coronavirus et continuer \u00e0 venir prier librement \u00e0 l\u2019\u00e9glise. Nous sommes tr\u00e8s contents d\u2019avoir repris le chemin de la maison du Seigneur. Car, c\u2019est toujours vivant de communier ensemble et de participer \u00e0 l\u2019Eucharistie, que de suivre la messe \u00e0 la radio ou \u00e0 la t\u00e9l\u00e9vision \u00bb, s\u2019est-elle r\u00e9jouie. Le Cardinal Philippe Ou\u00e9draogo a exhort\u00e9 tous les chr\u00e9tiens de toutes les paroisses, \u00e0 continuer \u00e0 \u00eatre disciplin\u00e9s, ob\u00e9issants, prudents et \u00e0 \u00eatre fid\u00e8les aux consignes donn\u00e9es par les autorit\u00e9s comp\u00e9tentes. \u00ab Il y a des gens qui ne semblent pas croire \u00e0 cette maladie et pourtant elle existe, parce que j\u2019ai moi-m\u00eame \u00e9t\u00e9 test\u00e9 positif. Chaque fid\u00e8le doit \u00eatre un ange gardien pour son voisin, en prot\u00e9geant sa vie et celle des autres \u00bb, a-t-il confi\u00e9.<\/p>\n<p>Afs\u00e9tou SAWADOGO<\/p>\n<div class=\"td-a-rec td-a-rec-id-content_inline tdi_30_ed7 td_block_template_1\"><img loading=\"lazy\" decoding=\"async\" class=\"aligncenter size-full wp-image-21314\" src=\"https:\/\/www.sidwaya.info\/wp-content\/uploads\/2020\/04\/Bandeau-Covid-19-Sidwaya-1.jpg\" alt=\"\" width=\"790\" height=\"98\"\/><\/div>\n<div class=\"td-a-rec td-a-rec-id-content_bottom tdi_31_cc8 td_block_template_1\"><img loading=\"lazy\" decoding=\"async\" class=\"aligncenter size-full wp-image-22415\" src=\"https:\/\/www.sidwaya.info\/wp-content\/uploads\/2020\/05\/Bandeau-paiement-mobile-site.png\" alt=\"\" width=\"728\" height=\"90\"\/><\/div>\n<p>Auteur: BM. Sidwaya<br \/>\n<a href=\"https:\/\/www.sidwaya.info\/blog\/2020\/05\/22\/fete-de-lascension-les-fideles-catholiques-retrouvent-les-eglises\/\">Cliquez ici pour lire l&rsquo;article depuis sa source.<\/a><\/p>\n","protected":false},"excerpt":{"rendered":"<p>Les fid\u00e8les catholiques ont repris \u00e0 nouveau le chemin des \u00e9glises. Le jeudi 21 mai 2020 \u00e0 la cath\u00e9drale de Ouagadougou, jour de l\u2019Ascension, ils ont c\u00e9l\u00e9br\u00e9 la mont\u00e9e du Christ au ciel, dans le strict respect des mesures sanitaires contre la COVID-19. Apr\u00e8s deux mois de fermeture des \u00e9glises catholiques, \u00e0 la suite de [&hellip;]<\/p>\n","protected":false},"author":1816,"featured_media":86404,"comment_status":"closed","ping_status":"closed","sticky":false,"template":"","format":"standard","meta":{"fifu_image_url":"","fifu_image_alt":"","footnotes":""},"categories":[73,81],"tags":[],"class_list":["post-86403","post","type-post","status-publish","format-standard","has-post-thumbnail","hentry","category-actualite","category-burkina-faso"],"_links":{"self":[{"href":"https:\/\/linitiative.ca\/International\/wp-json\/wp\/v2\/posts\/86403","targetHints":{"allow":["GET"]}}],"collection":[{"href":"https:\/\/linitiative.ca\/International\/wp-json\/wp\/v2\/posts"}],"about":[{"href":"https:\/\/linitiative.ca\/International\/wp-json\/wp\/v2\/types\/post"}],"author":[{"embeddable":true,"href":"https:\/\/linitiative.ca\/International\/wp-json\/wp\/v2\/users\/1816"}],"replies":[{"embeddable":true,"href":"https:\/\/linitiative.ca\/International\/wp-json\/wp\/v2\/comments?post=86403"}],"version-history":[{"count":0,"href":"https:\/\/linitiative.ca\/International\/wp-json\/wp\/v2\/posts\/86403\/revisions"}],"wp:featuredmedia":[{"embeddable":true,"href":"https:\/\/linitiative.ca\/International\/wp-json\/"}],"wp:attachment":[{"href":"https:\/\/linitiative.ca\/International\/wp-json\/wp\/v2\/media?parent=86403"}],"wp:term":[{"taxonomy":"category","embeddable":true,"href":"https:\/\/linitiative.ca\/International\/wp-json\/wp\/v2\/categories?post=86403"},{"taxonomy":"post_tag","embeddable":true,"href":"https:\/\/linitiative.ca\/International\/wp-json\/wp\/v2\/tags?post=86403"}],"curies":[{"name":"wp","href":"https:\/\/api.w.org\/{rel}","templated":true}]}}