{"id":86405,"date":"2020-05-21T20:32:38","date_gmt":"2020-05-22T00:32:38","guid":{"rendered":"https:\/\/linitiative.ca\/International\/covid-19-au-burkinales-operateurs-economiques-burkinabe-de-cote-divoire-apportent-leur-contribution\/"},"modified":"2020-05-21T20:32:38","modified_gmt":"2020-05-22T00:32:38","slug":"covid-19-au-burkinales-operateurs-economiques-burkinabe-de-cote-divoire-apportent-leur-contribution","status":"publish","type":"post","link":"https:\/\/linitiative.ca\/International\/covid-19-au-burkinales-operateurs-economiques-burkinabe-de-cote-divoire-apportent-leur-contribution\/","title":{"rendered":"COVID-19 au Burkina:les op\u00e9rateurs \u00e9conomiques burkinab\u00e8  de C\u00f4te d\u2019Ivoire apportent leur contribution"},"content":{"rendered":"<div class=\"td-post-featured-image\"><a href=\"https:\/\/www.sidwaya.info\/wp-content\/uploads\/2020\/05\/vorop.jpg\" data-caption=\"\"><img loading=\"lazy\" decoding=\"async\" width=\"696\" height=\"465\" class=\"entry-thumb td-modal-image\" src=\"https:\/\/www.sidwaya.info\/wp-content\/uploads\/2020\/05\/vorop-696x465.jpg\" srcset=\"https:\/\/www.sidwaya.info\/wp-content\/uploads\/2020\/05\/vorop-696x465.jpg 696w, https:\/\/www.sidwaya.info\/wp-content\/uploads\/2020\/05\/vorop-300x200.jpg 300w, https:\/\/www.sidwaya.info\/wp-content\/uploads\/2020\/05\/vorop-1024x684.jpg 1024w, https:\/\/www.sidwaya.info\/wp-content\/uploads\/2020\/05\/vorop-768x513.jpg 768w, https:\/\/www.sidwaya.info\/wp-content\/uploads\/2020\/05\/vorop-1536x1026.jpg 1536w, https:\/\/www.sidwaya.info\/wp-content\/uploads\/2020\/05\/vorop-1068x713.jpg 1068w, https:\/\/www.sidwaya.info\/wp-content\/uploads\/2020\/05\/vorop-629x420.jpg 629w, https:\/\/www.sidwaya.info\/wp-content\/uploads\/2020\/05\/vorop-1320x881.jpg 1320w, https:\/\/www.sidwaya.info\/wp-content\/uploads\/2020\/05\/vorop.jpg 1887w\" sizes=\"auto, (max-width: 696px) 100vw, 696px\" alt=\"\" title=\"vorop\"\/><\/a><\/div>\n<p><strong>Apr\u00e8s leur pays d\u2019accueil, la C\u00f4te d\u2019Ivoire, le 21 avril 2020, avec un ch\u00e8que de cinq millions FCFA, le Conseil des op\u00e9rateurs \u00e9conomiques burkinab\u00e8 en C\u00f4te d\u2019Ivoire (COEBCI) a fait don, le lundi 18 mai 2020, d\u2019un nouveau ch\u00e8que de cinq millions cinquante un mille (5. 051. 000) F CFA \u00e0 l\u2019Etat burkinab\u00e8.<\/strong><\/p>\n<p>La Repr\u00e9sentation diplomatique et consulaire burkinab\u00e8 en C\u00f4te d\u2019Ivoire a re\u00e7u aussi des mat\u00e9riels de protection estim\u00e9s \u00e0 un million cinq cent mille (1. 500. 000) F CFA. Les deux dons ont \u00e9t\u00e9 re\u00e7us par SEM. Mahamadou ZONGO, Ambassadeur du Burkina Faso en C\u00f4te d\u2019Ivoire et qui avait \u00e0 ses c\u00f4t\u00e9s, Monsieur Benjamin NANA, Consul g\u00e9n\u00e9ral du Burkina \u00e0 Abidjan.<br \/>Avant le c\u00e9r\u00e9monial de remise, le pr\u00e9sident du COEBCI, Monsieur Moussa OUEDRAOGO, accompagn\u00e9 d\u2019une forte d\u00e9l\u00e9gation, a indiqu\u00e9 qu\u2019il s\u2019agit d\u2019une modeste contribution destin\u00e9e \u00e0 appuyer les efforts des autorit\u00e9s burkinab\u00e8 et de la Repr\u00e9sentation diplomatique et consulaire dans la lutte contre la propagation de la COVID-19. \u00abApr\u00e8s un geste similaire \u00e0 hauteur de cinq millions FCFA, le 21 avril dernier \u00e0 l\u2019endroit des autorit\u00e9s de notre pays d\u2019accueil, \u00e0 travers le Minist\u00e8re ivoirien de la Solidarit\u00e9 et de la Lutte contre la Pauvret\u00e9, il \u00e9tait de notre devoir de r\u00e9pondre \u00e0 l\u2019appel du pays\u00bb. Le don est compos\u00e9 d\u2019un ch\u00e8que de 5.051.000 FCFA \u00e0 l\u2019ordre du Minist\u00e8re burkinab\u00e8 de la Sant\u00e9 et de mat\u00e9riels de protection (rouleaux essuie-tout, seaux \u00e0 robinet d\u2019eau, cache-nez) d\u2019une valeur de 1.500.000 FCFA au profit des personnels de l\u2019Ambassade du Burkina et des trois Consulats g\u00e9n\u00e9raux du Burkina \u00e0 Abidjan, Bouak\u00e9 et Soubr\u00e9.<br \/>Apr\u00e8s avoir re\u00e7u les dons, l\u2019Ambassadeur Mahamadou ZONGO s\u2019est r\u00e9joui de cette grande marque de solidarit\u00e9 \u00e0 l\u2019\u00e9gard \u00ab non seulement de nos fr\u00e8res au Burkina Faso mais aussi de ceux qui r\u00e9sident en C\u00f4te d\u2019Ivoire \u00e0 travers les dons \u00e0 l\u2019Ambassade et aux Consulats g\u00e9n\u00e9raux. Je salue \u00e0 sa juste valeur l\u2019initiative du COEBCI qui, en cette p\u00e9riode de coronavirus, manifeste, \u00e9loquemment, sa solidarit\u00e9 envers tous. C\u2019est la preuve que quand on est bien organis\u00e9, on peut faire de belles et grandes r\u00e9alisations. \u00bb<\/p>\n<p>Issouf ZABSONRE<br \/>Attach\u00e9 de Presse<br \/>Ambassade du Burkina \u00e0 Abidjan<\/p>\n<div class=\"td-a-rec td-a-rec-id-content_inline tdi_30_f5e td_block_template_1\"><img loading=\"lazy\" decoding=\"async\" class=\"aligncenter size-full wp-image-21314\" src=\"https:\/\/www.sidwaya.info\/wp-content\/uploads\/2020\/04\/Bandeau-Covid-19-Sidwaya-1.jpg\" alt=\"\" width=\"790\" height=\"98\"\/><\/div>\n<div class=\"td-a-rec td-a-rec-id-content_bottom tdi_31_72c td_block_template_1\"><img loading=\"lazy\" decoding=\"async\" class=\"aligncenter size-full wp-image-22415\" src=\"https:\/\/www.sidwaya.info\/wp-content\/uploads\/2020\/05\/Bandeau-paiement-mobile-site.png\" alt=\"\" width=\"728\" height=\"90\"\/><\/div>\n<p>Auteur: BM. Sidwaya<br \/>\n<a href=\"https:\/\/www.sidwaya.info\/blog\/2020\/05\/22\/covid-19-au-burkinales-operateurs-economiques-burkinabe-de-cote-divoire-apportent-leur-contribution\/\">Cliquez ici pour lire l&rsquo;article depuis sa source.<\/a><\/p>\n","protected":false},"excerpt":{"rendered":"<p>Apr\u00e8s leur pays d\u2019accueil, la C\u00f4te d\u2019Ivoire, le 21 avril 2020, avec un ch\u00e8que de cinq millions FCFA, le Conseil des op\u00e9rateurs \u00e9conomiques burkinab\u00e8 en C\u00f4te d\u2019Ivoire (COEBCI) a fait don, le lundi 18 mai 2020, d\u2019un nouveau ch\u00e8que de cinq millions cinquante un mille (5. 051. 000) F CFA \u00e0 l\u2019Etat burkinab\u00e8. La Repr\u00e9sentation [&hellip;]<\/p>\n","protected":false},"author":1816,"featured_media":86406,"comment_status":"closed","ping_status":"closed","sticky":false,"template":"","format":"standard","meta":{"fifu_image_url":"","fifu_image_alt":"","footnotes":""},"categories":[73,81],"tags":[],"class_list":["post-86405","post","type-post","status-publish","format-standard","has-post-thumbnail","hentry","category-actualite","category-burkina-faso"],"_links":{"self":[{"href":"https:\/\/linitiative.ca\/International\/wp-json\/wp\/v2\/posts\/86405","targetHints":{"allow":["GET"]}}],"collection":[{"href":"https:\/\/linitiative.ca\/International\/wp-json\/wp\/v2\/posts"}],"about":[{"href":"https:\/\/linitiative.ca\/International\/wp-json\/wp\/v2\/types\/post"}],"author":[{"embeddable":true,"href":"https:\/\/linitiative.ca\/International\/wp-json\/wp\/v2\/users\/1816"}],"replies":[{"embeddable":true,"href":"https:\/\/linitiative.ca\/International\/wp-json\/wp\/v2\/comments?post=86405"}],"version-history":[{"count":0,"href":"https:\/\/linitiative.ca\/International\/wp-json\/wp\/v2\/posts\/86405\/revisions"}],"wp:featuredmedia":[{"embeddable":true,"href":"https:\/\/linitiative.ca\/International\/wp-json\/"}],"wp:attachment":[{"href":"https:\/\/linitiative.ca\/International\/wp-json\/wp\/v2\/media?parent=86405"}],"wp:term":[{"taxonomy":"category","embeddable":true,"href":"https:\/\/linitiative.ca\/International\/wp-json\/wp\/v2\/categories?post=86405"},{"taxonomy":"post_tag","embeddable":true,"href":"https:\/\/linitiative.ca\/International\/wp-json\/wp\/v2\/tags?post=86405"}],"curies":[{"name":"wp","href":"https:\/\/api.w.org\/{rel}","templated":true}]}}