{"id":86407,"date":"2020-05-21T20:38:10","date_gmt":"2020-05-22T00:38:10","guid":{"rendered":"https:\/\/linitiative.ca\/International\/reforme-du-franc-cfa-la-fin-dune-epoque\/"},"modified":"2020-05-21T20:38:10","modified_gmt":"2020-05-22T00:38:10","slug":"reforme-du-franc-cfa-la-fin-dune-epoque","status":"publish","type":"post","link":"https:\/\/linitiative.ca\/International\/reforme-du-franc-cfa-la-fin-dune-epoque\/","title":{"rendered":"R\u00e9forme du franc CFA :  la fin d\u2019une \u00e9poque ?"},"content":{"rendered":"<div class=\"td-post-sharing-top td-post-sharing td-ps-bg td-ps-padding td-ps-bar td-post-sharing-style6\">\n<div class=\"td-post-sharing-visible\"><a class=\"td-social-sharing-button td-social-sharing-button-js td-social-network td-social-facebook\" href=\"https:\/\/www.facebook.com\/sharer.php?u=https%3A%2F%2Fwww.sidwaya.info%2Fblog%2F2020%2F05%2F22%2Freforme-du-franc-cfa-la-fin-dune-epoque%2F\"\/><\/p>\n<p>Facebook<\/p>\n<p><a class=\"td-social-sharing-button td-social-sharing-button-js td-social-network td-social-twitter\" href=\"https:\/\/twitter.com\/intent\/tweet?text=R%C3%A9forme+du+franc+CFA+%3A++la+fin+d%E2%80%99une+%C3%A9poque+%3F&amp;url=https%3A%2F%2Fwww.sidwaya.info%2Fblog%2F2020%2F05%2F22%2Freforme-du-franc-cfa-la-fin-dune-epoque%2F&amp;via=Quotidien+Sidwaya\"\/><\/p>\n<p>Twitter<\/p>\n<p><a class=\"td-social-sharing-button td-social-sharing-button-js td-social-network td-social-pinterest\" href=\"https:\/\/pinterest.com\/pin\/create\/button\/?url=https:\/\/www.sidwaya.info\/blog\/2020\/05\/22\/reforme-du-franc-cfa-la-fin-dune-epoque\/&amp;media=https:\/\/www.sidwaya.info\/wp-content\/uploads\/2020\/05\/cfasi22-2.jpg&amp;description=R%C3%A9forme+du+franc+CFA+%3A++la+fin+d%E2%80%99une+%C3%A9poque+%3F\"\/><\/p>\n<p>Pinterest<\/p>\n<p><a class=\"td-social-sharing-button td-social-sharing-button-js td-social-network td-social-whatsapp\" href=\"whatsapp:\/\/send?text=R%C3%A9forme+du+franc+CFA+%3A++la+fin+d%E2%80%99une+%C3%A9poque+%3F%20%0A%0A%20https:\/\/www.sidwaya.info\/blog\/2020\/05\/22\/reforme-du-franc-cfa-la-fin-dune-epoque\/\"\/><\/p>\n<p>WhatsApp<\/p>\n<p><a class=\"td-social-sharing-button td-social-sharing-button-js td-social-network td-social-linkedin\" href=\"https:\/\/www.linkedin.com\/shareArticle?mini=true&amp;url=https:\/\/www.sidwaya.info\/blog\/2020\/05\/22\/reforme-du-franc-cfa-la-fin-dune-epoque\/&amp;title=R%C3%A9forme+du+franc+CFA+%3A++la+fin+d%E2%80%99une+%C3%A9poque+%3F\"\/><\/p>\n<p>Linkedin<\/p>\n<p><a class=\"td-social-sharing-button td-social-sharing-button-js td-social-network td-social-mail\" href=\"mailto:?subject=R%C3%A9forme%20du%20franc%20CFA%20:%20la%20fin%20d%E2%80%99une%20%C3%A9poque%20?&amp;body=https:\/\/www.sidwaya.info\/blog\/2020\/05\/22\/reforme-du-franc-cfa-la-fin-dune-epoque\/\"\/><\/p>\n<p>Email<\/p>\n<p><a class=\"td-social-sharing-button td-social-sharing-button-js td-social-network td-social-print\" href=\"#\"\/><\/p>\n<p>Print<\/p>\n<p><a class=\"td-social-sharing-button td-social-sharing-button-js td-social-network td-social-tumblr\" href=\"https:\/\/www.tumblr.com\/share\/link?url=https:\/\/www.sidwaya.info\/blog\/2020\/05\/22\/reforme-du-franc-cfa-la-fin-dune-epoque\/&amp;name=R%C3%A9forme%20du%20franc%20CFA%20:%20la%20fin%20d%E2%80%99une%20%C3%A9poque%20?\"\/><\/p>\n<p>Tumblr<\/p>\n<p><a class=\"td-social-sharing-button td-social-sharing-button-js td-social-network td-social-telegram\" href=\"https:\/\/telegram.me\/share\/url?url=https:\/\/www.sidwaya.info\/blog\/2020\/05\/22\/reforme-du-franc-cfa-la-fin-dune-epoque\/&amp;text=R%C3%A9forme+du+franc+CFA+%3A++la+fin+d%E2%80%99une+%C3%A9poque+%3F\"\/><\/p>\n<p>Telegram<\/p>\n<p><a class=\"td-social-sharing-button td-social-sharing-button-js td-social-network td-social-viber\" href=\"viber:\/\/forward?text=R%C3%A9forme+du+franc+CFA+%3A++la+fin+d%E2%80%99une+%C3%A9poque+%3F%20https:\/\/www.sidwaya.info\/blog\/2020\/05\/22\/reforme-du-franc-cfa-la-fin-dune-epoque\/\"\/><\/p>\n<p>Viber<\/p>\n<p><a class=\"td-social-sharing-button td-social-sharing-button-js td-social-network td-social-naver\" href=\"https:\/\/share.naver.com\/web\/shareView.nhn?url=https:\/\/www.sidwaya.info\/blog\/2020\/05\/22\/reforme-du-franc-cfa-la-fin-dune-epoque\/&amp;title=R%C3%A9forme+du+franc+CFA+%3A++la+fin+d%E2%80%99une+%C3%A9poque+%3F\"\/><\/p>\n<p>Naver<\/p>\n<\/div>\n<\/div>\n<div class=\"td-post-content tagdiv-type\" readability=\"62\">\n<div class=\"td-post-featured-image\"><a href=\"https:\/\/www.sidwaya.info\/wp-content\/uploads\/2020\/05\/cfasi22-2.jpg\" data-caption=\"\"><img loading=\"lazy\" decoding=\"async\" width=\"696\" height=\"464\" class=\"entry-thumb td-modal-image\" src=\"https:\/\/www.sidwaya.info\/wp-content\/uploads\/2020\/05\/cfasi22-2-696x464.jpg\" srcset=\"https:\/\/www.sidwaya.info\/wp-content\/uploads\/2020\/05\/cfasi22-2-696x464.jpg 696w, https:\/\/www.sidwaya.info\/wp-content\/uploads\/2020\/05\/cfasi22-2-300x200.jpg 300w, https:\/\/www.sidwaya.info\/wp-content\/uploads\/2020\/05\/cfasi22-2-1024x683.jpg 1024w, https:\/\/www.sidwaya.info\/wp-content\/uploads\/2020\/05\/cfasi22-2-768x512.jpg 768w, https:\/\/www.sidwaya.info\/wp-content\/uploads\/2020\/05\/cfasi22-2-630x420.jpg 630w, https:\/\/www.sidwaya.info\/wp-content\/uploads\/2020\/05\/cfasi22-2.jpg 1053w\" sizes=\"auto, (max-width: 696px) 100vw, 696px\" alt=\"\" title=\"cfasi22\"\/><\/a><\/div>\n<p>75 ans apr\u00e8s la cr\u00e9ation du franc CFA, la France a sonn\u00e9 la fin de cette monnaie commune \u00e0 14 ex-colonies. D\u2019abord, l\u2019Hexagone avait voulu faire de cette zone CFA une sorte de no man\u2019s land mon\u00e9taire o\u00f9 elle garantissait la convertibilit\u00e9, gardait une parit\u00e9 fixe avec le franc fran\u00e7ais au d\u00e9part, puis avec l\u2019Euro. Une strat\u00e9gie pour prot\u00e9ger en quelque sorte les \u00e9conomies de ces pays \u00e0 travers une institution centrale, la BCEAO en Afrique de l\u2019Ouest, et la BCEAC en Afrique centrale. Un privil\u00e8ge, clamaient les pro-CFA. Un leurre, selon les anti-CFA pour qui la France ne sert que ses propres int\u00e9r\u00eats en maintenant une monnaie au forceps, qui demeure un instrument de pression et d\u2019exploitation. Cette th\u00e8se de plus en plus r\u00e9currente faisait \u00e9cho surtout au milieu d\u2019une jeunesse africaine prompte \u00e0 d\u00e9noncer une ind\u00e9pendance politique purement factice. Elle voulait cette \u00ab libert\u00e9 \u00bb \u00e0 tout prix quels que soient les s\u00e9ismes qui pourraient l\u2019accompagner.<br \/>Aujourd\u2019hui que la page du CFA th\u00e9oriquement est entreferm\u00e9e, de part et d\u2019autre, pourra-t-on sabler le verre du succ\u00e8s ? Rien n\u2019est moins s\u00fbr au regard des r\u00e9actions mitig\u00e9es apr\u00e8s Abidjan le 21 d\u00e9cembre 2019 avec la signature annon\u00e7ant les r\u00e9formes du CFA. Les souverainistes avaient estim\u00e9 les r\u00e9formes \u00abinsuffisantes \u00bb, pr\u00e9textant que la France a chang\u00e9 simplement de coquille avant d\u2019assener : \u00abVoyons! On d\u00e9baptise le franc CFA et on le rebaptise ECO et on croit que c\u2019est tout, le tour est jou\u00e9. Un nom ne change pas la nature de la chose nomm\u00e9e\u00bb. Ils prennent l\u2019\u00e9volution historique de la d\u00e9nomination qui, de \u00ab franc des colonies fran\u00e7aises d\u2019Afrique \u00bb en 1945, devient \u00ab franc de la communaut\u00e9 fran\u00e7aise d\u2019Afrique \u00bb en 1958 avant d\u2019\u00eatre baptis\u00e9 \u00ab franc de la communaut\u00e9 financi\u00e8re d\u2019Afrique \u00bb. La seule vraie mutation a \u00e9t\u00e9 le changement de parit\u00e9 en 1994 en d\u00e9faveur des \u00e9conomies des pays africains utilisant le CFA. Dans les termes de cette r\u00e9forme, Paris renonce \u00e0 la moiti\u00e9 des r\u00e9serves de change de la Banque centrale de la zone et se retire de ses instances de gouvernance. Une nouvelle page de \u00ab notre histoire \u00bb s\u2019\u00e9crit, a estim\u00e9 la porte-parole du gouvernement fran\u00e7ais pour qui, \u00ab cette fin symbolique devait s\u2019inscrire dans un renouvellement de la relation entre la France et l\u2019Afrique\u00bb. Un ouf de soulagement pour tous ceux qui ont fait la bataille du d\u00e9crochage. Le chemin reste encore long, on n\u2019efface pas par un projet de loi, des relations multis\u00e9culaires. Faut-il, encore \u00ablaisser le temps au temps \u00bb ou faut-il prendre le taureau par les cornes et appliquer directement des r\u00e9formes ? En tous les cas, cette nouvelle donne exige des Africains de la zone CFA, d\u2019abord ceux de l\u2019UEMOA plus \u00ab aptes \u00bb et signataires de l\u2019accord d\u2019Abidjan, de changer leur mode de consommation pour une \u00e9conomie plus dynamique.<br \/>En attendant, il faudrait que les Africains fassent en sorte que le \u00ab ouf \u00bb de ce que d\u2019aucuns ont appel\u00e9 la fin de \u00ab la servitude mon\u00e9taire \u00bb, ne soit pas un \u00ab plouf \u00bb, du naufrage mon\u00e9taire.<\/p>\n<p>Jean Philippe TOUGOUMA<\/p>\n<div class=\"td-a-rec td-a-rec-id-content_bottom tdi_30_75b td_block_template_1\"><img loading=\"lazy\" decoding=\"async\" class=\"aligncenter size-full wp-image-22415\" src=\"https:\/\/www.sidwaya.info\/wp-content\/uploads\/2020\/05\/Bandeau-paiement-mobile-site.png\" alt=\"\" width=\"728\" height=\"90\"\/><\/div>\n<\/div>\n<footer>\n<div class=\"td-post-sharing-bottom\">\n<p><iframe frameborder=\"0\" src=\"https:\/\/www.facebook.com\/plugins\/like.php?href=https:\/\/www.sidwaya.info\/blog\/2020\/05\/22\/reforme-du-franc-cfa-la-fin-dune-epoque\/&amp;layout=button_count&amp;show_faces=false&amp;width=105&amp;action=like&amp;colorscheme=light&amp;height=21\" class=\"c1\">[embedded content]<\/iframe><\/p>\n<div id=\"td_social_sharing_article_bottom\" class=\"td-post-sharing td-ps-bg td-ps-padding td-post-sharing-style7\">\n<div class=\"td-post-sharing-visible\"><a class=\"td-social-sharing-button td-social-sharing-button-js td-social-network td-social-facebook\" href=\"https:\/\/www.facebook.com\/sharer.php?u=https%3A%2F%2Fwww.sidwaya.info%2Fblog%2F2020%2F05%2F22%2Freforme-du-franc-cfa-la-fin-dune-epoque%2F\"\/><\/p>\n<p>Facebook<\/p>\n<p><a class=\"td-social-sharing-button td-social-sharing-button-js td-social-network td-social-twitter\" href=\"https:\/\/twitter.com\/intent\/tweet?text=R%C3%A9forme+du+franc+CFA+%3A++la+fin+d%E2%80%99une+%C3%A9poque+%3F&amp;url=https%3A%2F%2Fwww.sidwaya.info%2Fblog%2F2020%2F05%2F22%2Freforme-du-franc-cfa-la-fin-dune-epoque%2F&amp;via=Quotidien+Sidwaya\"\/><\/p>\n<p>Twitter<\/p>\n<p><a class=\"td-social-sharing-button td-social-sharing-button-js td-social-network td-social-pinterest\" href=\"https:\/\/pinterest.com\/pin\/create\/button\/?url=https:\/\/www.sidwaya.info\/blog\/2020\/05\/22\/reforme-du-franc-cfa-la-fin-dune-epoque\/&amp;media=https:\/\/www.sidwaya.info\/wp-content\/uploads\/2020\/05\/cfasi22-2.jpg&amp;description=R%C3%A9forme+du+franc+CFA+%3A++la+fin+d%E2%80%99une+%C3%A9poque+%3F\"\/><\/p>\n<p>Pinterest<\/p>\n<p><a class=\"td-social-sharing-button td-social-sharing-button-js td-social-network td-social-whatsapp\" href=\"whatsapp:\/\/send?text=R%C3%A9forme+du+franc+CFA+%3A++la+fin+d%E2%80%99une+%C3%A9poque+%3F%20%0A%0A%20https:\/\/www.sidwaya.info\/blog\/2020\/05\/22\/reforme-du-franc-cfa-la-fin-dune-epoque\/\"\/><\/p>\n<p>WhatsApp<\/p>\n<p><a class=\"td-social-sharing-button td-social-sharing-button-js td-social-network td-social-linkedin\" href=\"https:\/\/www.linkedin.com\/shareArticle?mini=true&amp;url=https:\/\/www.sidwaya.info\/blog\/2020\/05\/22\/reforme-du-franc-cfa-la-fin-dune-epoque\/&amp;title=R%C3%A9forme+du+franc+CFA+%3A++la+fin+d%E2%80%99une+%C3%A9poque+%3F\"\/><\/p>\n<p>Linkedin<\/p>\n<p><a class=\"td-social-sharing-button td-social-sharing-button-js td-social-network td-social-mail\" href=\"mailto:?subject=R%C3%A9forme%20du%20franc%20CFA%20:%20la%20fin%20d%E2%80%99une%20%C3%A9poque%20?&amp;body=https:\/\/www.sidwaya.info\/blog\/2020\/05\/22\/reforme-du-franc-cfa-la-fin-dune-epoque\/\"\/><\/p>\n<p>Email<\/p>\n<p><a class=\"td-social-sharing-button td-social-sharing-button-js td-social-network td-social-print\" href=\"#\"\/><\/p>\n<p>Print<\/p>\n<p><a class=\"td-social-sharing-button td-social-sharing-button-js td-social-network td-social-tumblr\" href=\"https:\/\/www.tumblr.com\/share\/link?url=https:\/\/www.sidwaya.info\/blog\/2020\/05\/22\/reforme-du-franc-cfa-la-fin-dune-epoque\/&amp;name=R%C3%A9forme%20du%20franc%20CFA%20:%20la%20fin%20d%E2%80%99une%20%C3%A9poque%20?\"\/><\/p>\n<p>Tumblr<\/p>\n<p><a class=\"td-social-sharing-button td-social-sharing-button-js td-social-network td-social-telegram\" href=\"https:\/\/telegram.me\/share\/url?url=https:\/\/www.sidwaya.info\/blog\/2020\/05\/22\/reforme-du-franc-cfa-la-fin-dune-epoque\/&amp;text=R%C3%A9forme+du+franc+CFA+%3A++la+fin+d%E2%80%99une+%C3%A9poque+%3F\"\/><\/p>\n<p>Telegram<\/p>\n<p><a class=\"td-social-sharing-button td-social-sharing-button-js td-social-network td-social-viber\" href=\"viber:\/\/forward?text=R%C3%A9forme+du+franc+CFA+%3A++la+fin+d%E2%80%99une+%C3%A9poque+%3F%20https:\/\/www.sidwaya.info\/blog\/2020\/05\/22\/reforme-du-franc-cfa-la-fin-dune-epoque\/\"\/><\/p>\n<p>Viber<\/p>\n<p><a class=\"td-social-sharing-button td-social-sharing-button-js td-social-network td-social-naver\" href=\"https:\/\/share.naver.com\/web\/shareView.nhn?url=https:\/\/www.sidwaya.info\/blog\/2020\/05\/22\/reforme-du-franc-cfa-la-fin-dune-epoque\/&amp;title=R%C3%A9forme+du+franc+CFA+%3A++la+fin+d%E2%80%99une+%C3%A9poque+%3F\"\/><\/p>\n<p>Naver<\/p>\n<\/div>\n<\/div>\n<\/div>\n<div class=\"td-block-row td-post-next-prev\">\n<div class=\"td-block-span6 td-post-prev-post td-post-next-prev-content\"><span>Article pr\u00e9c\u00e9dent<\/span><a href=\"https:\/\/www.sidwaya.info\/blog\/2020\/05\/22\/covid-19-au-burkinales-operateurs-economiques-burkinabe-de-cote-divoire-apportent-leur-contribution\/\">COVID-19 au Burkina:les op\u00e9rateurs \u00e9conomiques burkinab\u00e8 de C\u00f4te d\u2019Ivoire apportent leur contribution<\/a><\/div>\n<div class=\"td-block-span6 td-post-next-post td-post-next-prev-content\"><span>Article suivant<\/span><a href=\"https:\/\/www.sidwaya.info\/blog\/2020\/05\/22\/covid-19-au-burkina-faso-02-nouveaux-cas-confirmes-tous-importes\/\">COVID-19 au Burkina Faso: 02 nouveaux cas confirm\u00e9s tous import\u00e9s<\/a><\/div>\n<\/div>\n<\/footer>\n<p>Auteur: BM. Sidwaya<br \/>\n<a href=\"https:\/\/www.sidwaya.info\/blog\/2020\/05\/22\/reforme-du-franc-cfa-la-fin-dune-epoque\/\">Cliquez ici pour lire l&rsquo;article depuis sa source.<\/a><\/p>\n","protected":false},"excerpt":{"rendered":"<p>Facebook Twitter Pinterest WhatsApp Linkedin Email Print Tumblr Telegram Viber Naver 75 ans apr\u00e8s la cr\u00e9ation du franc CFA, la France a sonn\u00e9 la fin de cette monnaie commune \u00e0 14 ex-colonies. D\u2019abord, l\u2019Hexagone avait voulu faire de cette zone CFA une sorte de no man\u2019s land mon\u00e9taire o\u00f9 elle garantissait la convertibilit\u00e9, gardait une [&hellip;]<\/p>\n","protected":false},"author":1816,"featured_media":86408,"comment_status":"closed","ping_status":"closed","sticky":false,"template":"","format":"standard","meta":{"fifu_image_url":"","fifu_image_alt":"","footnotes":""},"categories":[73,81],"tags":[],"class_list":["post-86407","post","type-post","status-publish","format-standard","has-post-thumbnail","hentry","category-actualite","category-burkina-faso"],"_links":{"self":[{"href":"https:\/\/linitiative.ca\/International\/wp-json\/wp\/v2\/posts\/86407","targetHints":{"allow":["GET"]}}],"collection":[{"href":"https:\/\/linitiative.ca\/International\/wp-json\/wp\/v2\/posts"}],"about":[{"href":"https:\/\/linitiative.ca\/International\/wp-json\/wp\/v2\/types\/post"}],"author":[{"embeddable":true,"href":"https:\/\/linitiative.ca\/International\/wp-json\/wp\/v2\/users\/1816"}],"replies":[{"embeddable":true,"href":"https:\/\/linitiative.ca\/International\/wp-json\/wp\/v2\/comments?post=86407"}],"version-history":[{"count":0,"href":"https:\/\/linitiative.ca\/International\/wp-json\/wp\/v2\/posts\/86407\/revisions"}],"wp:featuredmedia":[{"embeddable":true,"href":"https:\/\/linitiative.ca\/International\/wp-json\/"}],"wp:attachment":[{"href":"https:\/\/linitiative.ca\/International\/wp-json\/wp\/v2\/media?parent=86407"}],"wp:term":[{"taxonomy":"category","embeddable":true,"href":"https:\/\/linitiative.ca\/International\/wp-json\/wp\/v2\/categories?post=86407"},{"taxonomy":"post_tag","embeddable":true,"href":"https:\/\/linitiative.ca\/International\/wp-json\/wp\/v2\/tags?post=86407"}],"curies":[{"name":"wp","href":"https:\/\/api.w.org\/{rel}","templated":true}]}}