{"id":86419,"date":"2020-05-22T15:06:59","date_gmt":"2020-05-22T19:06:59","guid":{"rendered":"https:\/\/linitiative.ca\/International\/cameroun-112-nouveaux-cas-positifs-03-deces-et-14-personnes-gueries\/"},"modified":"2020-05-22T15:06:59","modified_gmt":"2020-05-22T19:06:59","slug":"cameroun-112-nouveaux-cas-positifs-03-deces-et-14-personnes-gueries","status":"publish","type":"post","link":"https:\/\/linitiative.ca\/International\/cameroun-112-nouveaux-cas-positifs-03-deces-et-14-personnes-gueries\/","title":{"rendered":"Cameroun : 112 nouveaux cas positifs, 03 d\u00e9c\u00e8s et 14  personnes gu\u00e9ries"},"content":{"rendered":"<div readability=\"32\">\n<p>Publi\u00e9 le 22.05.2020 \u00e0 20h06 par Christian Djimadeu<\/p>\n<\/div>\n<div readability=\"53\">\n<h2 class=\"c6\">Tels sont les nouveaux chiffres de la pand\u00e9mie dans le pays ce 22 mai 2020. Selon le gouvernement, \u00a0la hausse du nombre de cas positifs d\u00e9coule de la nouvelle strat\u00e9gie de d\u00e9pistage mise en place.<\/h2>\n<p class=\"c7\">La situation \u00e9pid\u00e9miologique de ce ce 22 mai 2020 fait \u00e9tat de 112 nouveaux cas positifs (4390 au total), 03 d\u00e9c\u00e8s et 14\u00a0personnes gu\u00e9ries. Ils ont \u00e9t\u00e9 publi\u00e9s lors du point de presse du ministre de Sant\u00e9 publique (Minsant\u00e9) de ce jour.<\/p>\n<p class=\"c7\">Le Minsant\u00e9 dit avoir lanc\u00e9 la recherche\u00a0active des cas dans la population. Il proc\u00e8de de m\u00eame au d\u00e9pistage des personnes \u00a0qui ont \u00e9t\u00e9 en contact avec les malades. \u00a0Afin\u00a0 de les prendre en charge rapidement en cas de contamination et leur assurer une meilleure\u00a0 survie.<\/p>\n<p class=\"c7\">\u00ab\u00a0<em>Aussi notons-nous ces derniers jours une am\u00e9lioration\u00a0 des r\u00e9sultats sanitaires marqu\u00e9e \u00e9videmment par une\u00a0 augmentation du nombre de cas positifs d\u00e9pist\u00e9s et la r\u00e9duction\u00a0 des co\u00fbts de sant\u00e9 pour les cas d\u00e9tect\u00e9s et pris en charge de\u00a0 mani\u00e8re pr\u00e9coce\u00a0<\/em>\u00bb, d\u00e9clare le ministre Manaouda Malachie.<\/p>\n<p class=\"c7\">Le Minsant\u00e9 invite les camerounais \u00e0 s\u2019approprier le combat contre le Covid-19. \u00ab\u00a0<em>Faut-il le rappeler, toutes ces actions ne pourront porter des fruits\u00a0 \u00e0 la hauteur de nos esp\u00e9rances que si elles sont combin\u00e9es \u00e0 la\u00a0 participation et l\u2019engagement de chaque membre de notre\u00a0 communaut\u00e9. D\u00e8s \u00e0 pr\u00e9sent et plus que par le pass\u00e9, comme le\u00a0 pr\u00e9cise le Chef de l\u2019Etat, \u00abchacun doit se sentir concern\u00e9 et\u00a0 apporter sa contribution au combat contre la propagation de\u00a0ce virus \u00bb.<\/em>\u00a0\u00bb<\/p>\n<\/div>\n<p>Auteur: Christian DJIMADEU<br \/>\n<a href=\"https:\/\/www.journalducameroun.com\/cameroun-112-nouveaux-cas-positifs-03-deces-et-14-personnes-gueries-cameroun\/\">Cliquez ici pour lire l&rsquo;article depuis sa source.<\/a><\/p>\n","protected":false},"excerpt":{"rendered":"<p>Publi\u00e9 le 22.05.2020 \u00e0 20h06 par Christian Djimadeu Tels sont les nouveaux chiffres de la pand\u00e9mie dans le pays ce 22 mai 2020. Selon le gouvernement, \u00a0la hausse du nombre de cas positifs d\u00e9coule de la nouvelle strat\u00e9gie de d\u00e9pistage mise en place. La situation \u00e9pid\u00e9miologique de ce ce 22 mai 2020 fait \u00e9tat de [&hellip;]<\/p>\n","protected":false},"author":1965,"featured_media":0,"comment_status":"closed","ping_status":"closed","sticky":false,"template":"","format":"standard","meta":{"fifu_image_url":"","fifu_image_alt":"","footnotes":""},"categories":[73,82],"tags":[],"class_list":["post-86419","post","type-post","status-publish","format-standard","hentry","category-actualite","category-cameroun"],"_links":{"self":[{"href":"https:\/\/linitiative.ca\/International\/wp-json\/wp\/v2\/posts\/86419","targetHints":{"allow":["GET"]}}],"collection":[{"href":"https:\/\/linitiative.ca\/International\/wp-json\/wp\/v2\/posts"}],"about":[{"href":"https:\/\/linitiative.ca\/International\/wp-json\/wp\/v2\/types\/post"}],"author":[{"embeddable":true,"href":"https:\/\/linitiative.ca\/International\/wp-json\/wp\/v2\/users\/1965"}],"replies":[{"embeddable":true,"href":"https:\/\/linitiative.ca\/International\/wp-json\/wp\/v2\/comments?post=86419"}],"version-history":[{"count":0,"href":"https:\/\/linitiative.ca\/International\/wp-json\/wp\/v2\/posts\/86419\/revisions"}],"wp:attachment":[{"href":"https:\/\/linitiative.ca\/International\/wp-json\/wp\/v2\/media?parent=86419"}],"wp:term":[{"taxonomy":"category","embeddable":true,"href":"https:\/\/linitiative.ca\/International\/wp-json\/wp\/v2\/categories?post=86419"},{"taxonomy":"post_tag","embeddable":true,"href":"https:\/\/linitiative.ca\/International\/wp-json\/wp\/v2\/tags?post=86419"}],"curies":[{"name":"wp","href":"https:\/\/api.w.org\/{rel}","templated":true}]}}