{"id":86421,"date":"2020-05-22T16:18:22","date_gmt":"2020-05-22T20:18:22","guid":{"rendered":"https:\/\/linitiative.ca\/International\/football-ivoirien-lassemblee-generale-elective-de-la-fif-fixee-au-22-aout-2020\/"},"modified":"2020-05-22T16:18:22","modified_gmt":"2020-05-22T20:18:22","slug":"football-ivoirien-lassemblee-generale-elective-de-la-fif-fixee-au-22-aout-2020","status":"publish","type":"post","link":"https:\/\/linitiative.ca\/International\/football-ivoirien-lassemblee-generale-elective-de-la-fif-fixee-au-22-aout-2020\/","title":{"rendered":"Football ivoirien: l\u2019Assembl\u00e9e g\u00e9n\u00e9rale \u00e9lective de la FIF fix\u00e9e au 22 ao\u00fbt 2020"},"content":{"rendered":"<div readability=\"32\">\n<p>Publi\u00e9 le 22.05.2020 \u00e0 21h18 par APA News<\/p>\n<\/div>\n<div readability=\"74\">\n<p>L\u2019Assembl\u00e9e g\u00e9n\u00e9rale ordinaire de la F\u00e9d\u00e9ration ivoirienne de football (FIF), pr\u00e9vue le 16 mai 2020 puis report\u00e9e \u00e0 une date ult\u00e9rieure en raison de la pand\u00e9mie de la Covid-19, a \u00e9t\u00e9 fix\u00e9e vendredi au 20 juin 2020 par le Comit\u00e9 ex\u00e9cutif de la FIF, qui annonce la tenue de l\u2019Assembl\u00e9e g\u00e9n\u00e9rale \u00e9lective, devant renouveler les instances de l\u2019organisation, le 22 ao\u00fbt 2020.A l\u2019issue d\u2019une r\u00e9union le 22 mai 2020, le Comit\u00e9 ex\u00e9cutif de la F\u00e9d\u00e9ration ivoirienne de football a inform\u00e9 les membres actifs et la grande famille du football ivoirien de l\u2019organisation le 20 juin 2020 de l\u2019Assembl\u00e9 g\u00e9n\u00e9rale ordinaire annuelle, rapporte un communiqu\u00e9.\u00a0<\/p>\n<p>Cette Assembl\u00e9e g\u00e9n\u00e9rale proc\u00e9dera \u00e9galement \u00e0 l\u2019\u00e9lection de la Commission \u00e9lectorale et sera suivie, le 22 ao\u00fbt 2020, de la tenue de l\u2019Assembl\u00e9e g\u00e9n\u00e9rale \u00e9lective, ajoute le communiqu\u00e9 du Comit\u00e9 ex\u00e9cutif de la F\u00e9d\u00e9ration ivoirienne de football.<\/p>\n<p>Faisant le constat de \u00ab l\u2019impossibilit\u00e9 de la tenue de cette rencontre, le 16 mai 2020 \u00bb, le Comit\u00e9 ex\u00e9cutif de la F\u00e9d\u00e9ration ivoirienne de football a d\u00e9cid\u00e9 de reporter \u00e0 une date ult\u00e9rieure ladite assembl\u00e9e g\u00e9n\u00e9rale ordinaire.<\/p>\n<p>Pour la pr\u00e9sidence de la FIF, trois potentiels candidats sont actuellement sur le terrain, notamment l\u2019ex-international du football ivoirien Didier Drogba, Sory Diabat\u00e9, vice-pr\u00e9sident dans le staff sortant et Idriss Diallo, ancien vice-pr\u00e9sident de la FIF, charg\u00e9 de la Commission marketing sous l\u2019\u00e8re Jacques Anouma.\u00a0<\/p>\n<p>Le pr\u00e9sident sortant de la FIF, Augustin Sidy Diallo, lui, vient d\u2019\u00eatre nomm\u00e9 par le Comit\u00e9 ex\u00e9cutif de la CAF, en qualit\u00e9 de \u00a0membre de la Commission d\u2019organisation de la Coupe d\u2019Afrique des Nations pour le cycle 2019-2021.<\/p>\n<\/div>\n<p>Auteur: APA News<br \/>\n<a href=\"https:\/\/www.journalducameroun.com\/football-ivoirien-lassemblee-generale-elective-de-la-fif-fixee-au-22-aout-2020\/\">Cliquez ici pour lire l&rsquo;article depuis sa source.<\/a><\/p>\n","protected":false},"excerpt":{"rendered":"<p>Publi\u00e9 le 22.05.2020 \u00e0 21h18 par APA News L\u2019Assembl\u00e9e g\u00e9n\u00e9rale ordinaire de la F\u00e9d\u00e9ration ivoirienne de football (FIF), pr\u00e9vue le 16 mai 2020 puis report\u00e9e \u00e0 une date ult\u00e9rieure en raison de la pand\u00e9mie de la Covid-19, a \u00e9t\u00e9 fix\u00e9e vendredi au 20 juin 2020 par le Comit\u00e9 ex\u00e9cutif de la FIF, qui annonce la [&hellip;]<\/p>\n","protected":false},"author":1965,"featured_media":0,"comment_status":"closed","ping_status":"closed","sticky":false,"template":"","format":"standard","meta":{"fifu_image_url":"","fifu_image_alt":"","footnotes":""},"categories":[73,82],"tags":[],"class_list":["post-86421","post","type-post","status-publish","format-standard","hentry","category-actualite","category-cameroun"],"_links":{"self":[{"href":"https:\/\/linitiative.ca\/International\/wp-json\/wp\/v2\/posts\/86421","targetHints":{"allow":["GET"]}}],"collection":[{"href":"https:\/\/linitiative.ca\/International\/wp-json\/wp\/v2\/posts"}],"about":[{"href":"https:\/\/linitiative.ca\/International\/wp-json\/wp\/v2\/types\/post"}],"author":[{"embeddable":true,"href":"https:\/\/linitiative.ca\/International\/wp-json\/wp\/v2\/users\/1965"}],"replies":[{"embeddable":true,"href":"https:\/\/linitiative.ca\/International\/wp-json\/wp\/v2\/comments?post=86421"}],"version-history":[{"count":0,"href":"https:\/\/linitiative.ca\/International\/wp-json\/wp\/v2\/posts\/86421\/revisions"}],"wp:attachment":[{"href":"https:\/\/linitiative.ca\/International\/wp-json\/wp\/v2\/media?parent=86421"}],"wp:term":[{"taxonomy":"category","embeddable":true,"href":"https:\/\/linitiative.ca\/International\/wp-json\/wp\/v2\/categories?post=86421"},{"taxonomy":"post_tag","embeddable":true,"href":"https:\/\/linitiative.ca\/International\/wp-json\/wp\/v2\/tags?post=86421"}],"curies":[{"name":"wp","href":"https:\/\/api.w.org\/{rel}","templated":true}]}}