{"id":86422,"date":"2020-05-22T16:18:29","date_gmt":"2020-05-22T20:18:29","guid":{"rendered":"https:\/\/linitiative.ca\/International\/guinee-disparition-du-chanteur-et-virtuose-de-la-kora-mory-kante\/"},"modified":"2020-05-22T16:18:29","modified_gmt":"2020-05-22T20:18:29","slug":"guinee-disparition-du-chanteur-et-virtuose-de-la-kora-mory-kante","status":"publish","type":"post","link":"https:\/\/linitiative.ca\/International\/guinee-disparition-du-chanteur-et-virtuose-de-la-kora-mory-kante\/","title":{"rendered":"Guin\u00e9e : disparition du chanteur et virtuose de la Kora Mory Kant\u00e9"},"content":{"rendered":"<div readability=\"32\">\n<p>Publi\u00e9 le 22.05.2020 \u00e0 21h18 par APA News<\/p>\n<\/div>\n<div readability=\"96\">\n<p>Le chanteur et musicien guin\u00e9en, Mory Kant\u00e9, mondialement connu gr\u00e2ce \u00e0 son tube \u00ab Y\u00e9k\u00e9 Y\u00e9k\u00e9 \u00bb est d\u00e9c\u00e9d\u00e9, ce vendredi, \u00e0 Conakry, \u00e0 l\u2019\u00e2ge de 70 ans.Mory Kant\u00e9\u00a0que l\u2019on surnommait le \u00ab\u00a0griot \u00e9lectrique\u00a0\u00bb s\u2019est \u00e9teint\u00a0vers 9H45 ce matin \u00e0 l\u2019h\u00f4pital sino-guin\u00e9en\u00a0des suites de maladies chroniques que la crise du coronavirus ne lui a permis de soigner hors de la Guin\u00e9e \u00e0 cause de la suspension des vols internationaux.\u00a0<\/p>\n<p>\u00ab\u00a0On a vu son \u00e9tat se d\u00e9grader rapidement, mais j\u2019\u00e9tais surpris quand m\u00eame car il avait d\u00e9j\u00e0 travers\u00e9 des moments bien pires\u00a0\u00bb, a d\u00e9clar\u00e9\u00a0\u00e0 l\u2019AFP\u00a0son fils Balla Kant\u00e9, qui a annonc\u00e9 la triste nouvelle.\u00a0<\/p>\n<p>Sur son compte Twitter, le chef de l\u2019Etat guin\u00e9en Alpha Cond\u00e9 a rendu un vibrant hommage \u00e0 cette \u00ab\u00a0fiert\u00e9\u00a0\u00bb nationale et africaine, tout en saluant son \u00ab\u00a0parcours exceptionnel\u00a0\u00bb.\u00a0<\/p>\n<p>Issu d\u2019une grande famille de\u00a0griots malienne et guin\u00e9enne, Mory Kant\u00e9 est n\u00e9 le 29 mars 1950 \u00e0\u00a0Albadaria, en Guin\u00e9e, mais c\u2019est \u00e0 Bamako, capitale de la R\u00e9publique du Mali qu\u2019il va\u00a0\u00e9tudier, aupr\u00e8s de sa tante, elle-m\u00eame\u00a0griotte,\u00a0les rites, le chant et le balafon et s\u2019aguerrit en chantant et jouant lors de c\u00e9r\u00e9monies et f\u00eates familiales.<\/p>\n<p>C\u2019est dans ce Mali des ann\u00e9es 60 alors travers\u00e9 par\u00a0de nombreuses influences musicales en provenance\u00a0des\u00a0diff\u00e9rents continents,\u00a0que\u00a0Mory Kant\u00e9 s\u2019int\u00e9resse aux musiques amplifi\u00e9es et \u00e0 la guitare.\u00a0C\u2019est ainsi qu\u2019il va rejoindre, en 1961, le Rail Band de Bamako pour lancer une carri\u00e8re qui va lui mener sur toutes les sc\u00e8nes du monde.\u00a0<\/p>\n<p>Install\u00e9 \u00e0 Abidjan \u00e0 partir de 1978, il prend ses distances avec le Rail Band de \u00a0Bamako et entame une nouvelle aventure avec le groupe de son demi-fr\u00e8re,\u00a0le chanteur et compositeur\u00a0Djeli\u00a0Moussa Diawara.\u00a0\u00a0Mais ce n\u2019est qu\u2019en 1988 que le natif\u00a0de\u00a0Albadaria\u00a0verra sa riche carri\u00e8re\u00a0r\u00e9compens\u00e9e\u00a0par un disque d\u2019or et une Victoire de la musique du meilleur album francophone.\u00a0<\/p>\n<p>\u00ab\u00a0La Guin\u00e9enne\u00a0\u00bb, dernier album de Mory Kant\u00e9 o\u00f9 il rend hommage \u00e0 la femme guin\u00e9enne est sorti en 2012. Et en 2019, en partenariat avec RFI Talent, il a sorti \u00ab\u00a0Cocorico\u00a0! Balade d\u2019un griot\u00a0!, un livre disque, conte initiatique pour le jeune public ancr\u00e9 dans la culture mandingue.\u00a0<\/p>\n<p>Toute chose qui font dire \u00e0 Balla Kant\u00e9 que son p\u00e8re \u00ab\u00a0laisse un h\u00e9ritage immense pour la culture, trop vaste pour qu\u2019on puisse tout citer\u00a0\u00bb et que\u00a0Mory Kant\u00e9 \u00ab a beaucoup fait pour la culture dans son pays en construisant des studios, des structures culturelles \u00bb.\u00a0<\/p>\n<\/div>\n<p>Auteur: APA News<br \/>\n<a href=\"https:\/\/www.journalducameroun.com\/guinee-disparition-du-chanteur-et-virtuose-de-la-kora-mory-kante\/\">Cliquez ici pour lire l&rsquo;article depuis sa source.<\/a><\/p>\n","protected":false},"excerpt":{"rendered":"<p>Publi\u00e9 le 22.05.2020 \u00e0 21h18 par APA News Le chanteur et musicien guin\u00e9en, Mory Kant\u00e9, mondialement connu gr\u00e2ce \u00e0 son tube \u00ab Y\u00e9k\u00e9 Y\u00e9k\u00e9 \u00bb est d\u00e9c\u00e9d\u00e9, ce vendredi, \u00e0 Conakry, \u00e0 l\u2019\u00e2ge de 70 ans.Mory Kant\u00e9\u00a0que l\u2019on surnommait le \u00ab\u00a0griot \u00e9lectrique\u00a0\u00bb s\u2019est \u00e9teint\u00a0vers 9H45 ce matin \u00e0 l\u2019h\u00f4pital sino-guin\u00e9en\u00a0des suites de maladies chroniques que [&hellip;]<\/p>\n","protected":false},"author":1965,"featured_media":0,"comment_status":"closed","ping_status":"closed","sticky":false,"template":"","format":"standard","meta":{"fifu_image_url":"","fifu_image_alt":"","footnotes":""},"categories":[73,82],"tags":[],"class_list":["post-86422","post","type-post","status-publish","format-standard","hentry","category-actualite","category-cameroun"],"_links":{"self":[{"href":"https:\/\/linitiative.ca\/International\/wp-json\/wp\/v2\/posts\/86422","targetHints":{"allow":["GET"]}}],"collection":[{"href":"https:\/\/linitiative.ca\/International\/wp-json\/wp\/v2\/posts"}],"about":[{"href":"https:\/\/linitiative.ca\/International\/wp-json\/wp\/v2\/types\/post"}],"author":[{"embeddable":true,"href":"https:\/\/linitiative.ca\/International\/wp-json\/wp\/v2\/users\/1965"}],"replies":[{"embeddable":true,"href":"https:\/\/linitiative.ca\/International\/wp-json\/wp\/v2\/comments?post=86422"}],"version-history":[{"count":0,"href":"https:\/\/linitiative.ca\/International\/wp-json\/wp\/v2\/posts\/86422\/revisions"}],"wp:attachment":[{"href":"https:\/\/linitiative.ca\/International\/wp-json\/wp\/v2\/media?parent=86422"}],"wp:term":[{"taxonomy":"category","embeddable":true,"href":"https:\/\/linitiative.ca\/International\/wp-json\/wp\/v2\/categories?post=86422"},{"taxonomy":"post_tag","embeddable":true,"href":"https:\/\/linitiative.ca\/International\/wp-json\/wp\/v2\/tags?post=86422"}],"curies":[{"name":"wp","href":"https:\/\/api.w.org\/{rel}","templated":true}]}}