{"id":86423,"date":"2020-05-22T17:18:03","date_gmt":"2020-05-22T21:18:03","guid":{"rendered":"https:\/\/linitiative.ca\/International\/la-fete-de-ramadan-sera-celebree-samedi-en-cote-divoire-officiel\/"},"modified":"2020-05-22T17:18:03","modified_gmt":"2020-05-22T21:18:03","slug":"la-fete-de-ramadan-sera-celebree-samedi-en-cote-divoire-officiel","status":"publish","type":"post","link":"https:\/\/linitiative.ca\/International\/la-fete-de-ramadan-sera-celebree-samedi-en-cote-divoire-officiel\/","title":{"rendered":"La f\u00eate de Ramadan sera c\u00e9l\u00e9br\u00e9e samedi en C\u00f4te d\u2019Ivoire (Officiel)"},"content":{"rendered":"<div readability=\"32\">\n<p>Publi\u00e9 le 22.05.2020 \u00e0 22h18 par APA News<\/p>\n<\/div>\n<div readability=\"61\">\n<p>La f\u00eate de l\u2019A\u00efd-el-Fitr ou f\u00eate de Ramadan marquant la fin du je\u00fbne musulman sera c\u00e9l\u00e9br\u00e9e samedi en C\u00f4te d\u2019Ivoire o\u00f9 le croissant lunaire a \u00e9t\u00e9 observ\u00e9 vendredi soir dans plusieurs localit\u00e9s du pays.\u00ab Le Conseil sup\u00e9rieur des Imams, des mosqu\u00e9es et des affaires islamique en C\u00f4te d\u2019Ivoire (COSIM) et le Conseil des Imams sunnites (CODIS) informent la communaut\u00e9 nationale que le croissant lunaire marquant la fin du mois de Ramandan 2020 a \u00e9t\u00e9 observ\u00e9 ce soir. D\u2019abord \u00e0 Yopougon Bonikro, (ensuite) le croissant lunaire a \u00e9t\u00e9 \u00e9galement observ\u00e9 \u00e0 Tortiya, le m\u00eame croissant a \u00e9t\u00e9 observ\u00e9 \u00e0 Abobo N\u2019dotr\u00e9 et (enfin) le croissant lunaire a \u00e9t\u00e9 \u00e9galement observ\u00e9 \u00e0 Att\u00e9coub\u00e9 \u00bb, a d\u00e9clar\u00e9 le porte-parole du COSIM, l\u2019Imam S\u00e9kou Sylla.<\/p>\n<p>Par cons\u00e9quent, a-t-il poursuivi, \u00ab la f\u00eate de Ramadan en C\u00f4te d\u2019Ivoire sera c\u00e9l\u00e9br\u00e9e incha Allah le samedi 6 23 mai 2020 \u00bb.<\/p>\n<p>Cette f\u00eate marque la fin du mois de je\u00fbne du Ramadan qui a d\u00e9but\u00e9 en C\u00f4te d\u2019Ivoire depuis le 24 avril dernier a dur\u00e9 29 jours. Dans la tradition musulmane, elle sera essentiellement marqu\u00e9e par la pri\u00e8re de l\u2019A\u00efd, mais sera \u00e9galement l\u2019occasion pour les fid\u00e8les musulmans de faire preuve de g\u00e9n\u00e9rosit\u00e9 envers les n\u00e9cessiteux \u00e0 travers la \u00ab Zakat Al Fitr\u00bb qui est une aum\u00f4ne vers\u00e9e \u00e0 cette occasion.<\/p>\n<p>Cette aum\u00f4ne peut \u00eatre p\u00e9cuniaire ou compos\u00e9e d\u2019aliments selon les textes islamiques. La nuit du Destin ou nuit du Qadr, l\u2019un des temps forts de ce mois de je\u00fbne du ramadan au cours de laquelle le Saint Coran a \u00e9t\u00e9 r\u00e9v\u00e9l\u00e9 au proph\u00e8te Muhammad (Paix et salut d\u2019Allah sur lui) a \u00e9t\u00e9 c\u00e9l\u00e9br\u00e9e officiellement dans la nuit de mardi \u00e0 mercredi en C\u00f4te d\u2019Ivoire.<\/p>\n<p>La crise sanitaire mondiale li\u00e9e au Coronavirus (Covid-19) ne permettra pas l\u2019organisation des pri\u00e8res de la f\u00eate dans les mosqu\u00e9es comme \u00e0 l\u2019accoutum\u00e9e.<\/p>\n<\/div>\n<p>Auteur: APA News<br \/>\n<a href=\"https:\/\/www.journalducameroun.com\/la-fete-de-ramadan-sera-celebree-samedi-en-cote-divoire-officiel\/\">Cliquez ici pour lire l&rsquo;article depuis sa source.<\/a><\/p>\n","protected":false},"excerpt":{"rendered":"<p>Publi\u00e9 le 22.05.2020 \u00e0 22h18 par APA News La f\u00eate de l\u2019A\u00efd-el-Fitr ou f\u00eate de Ramadan marquant la fin du je\u00fbne musulman sera c\u00e9l\u00e9br\u00e9e samedi en C\u00f4te d\u2019Ivoire o\u00f9 le croissant lunaire a \u00e9t\u00e9 observ\u00e9 vendredi soir dans plusieurs localit\u00e9s du pays.\u00ab Le Conseil sup\u00e9rieur des Imams, des mosqu\u00e9es et des affaires islamique en C\u00f4te [&hellip;]<\/p>\n","protected":false},"author":1965,"featured_media":0,"comment_status":"closed","ping_status":"closed","sticky":false,"template":"","format":"standard","meta":{"fifu_image_url":"","fifu_image_alt":"","footnotes":""},"categories":[73,82],"tags":[],"class_list":["post-86423","post","type-post","status-publish","format-standard","hentry","category-actualite","category-cameroun"],"_links":{"self":[{"href":"https:\/\/linitiative.ca\/International\/wp-json\/wp\/v2\/posts\/86423","targetHints":{"allow":["GET"]}}],"collection":[{"href":"https:\/\/linitiative.ca\/International\/wp-json\/wp\/v2\/posts"}],"about":[{"href":"https:\/\/linitiative.ca\/International\/wp-json\/wp\/v2\/types\/post"}],"author":[{"embeddable":true,"href":"https:\/\/linitiative.ca\/International\/wp-json\/wp\/v2\/users\/1965"}],"replies":[{"embeddable":true,"href":"https:\/\/linitiative.ca\/International\/wp-json\/wp\/v2\/comments?post=86423"}],"version-history":[{"count":0,"href":"https:\/\/linitiative.ca\/International\/wp-json\/wp\/v2\/posts\/86423\/revisions"}],"wp:attachment":[{"href":"https:\/\/linitiative.ca\/International\/wp-json\/wp\/v2\/media?parent=86423"}],"wp:term":[{"taxonomy":"category","embeddable":true,"href":"https:\/\/linitiative.ca\/International\/wp-json\/wp\/v2\/categories?post=86423"},{"taxonomy":"post_tag","embeddable":true,"href":"https:\/\/linitiative.ca\/International\/wp-json\/wp\/v2\/tags?post=86423"}],"curies":[{"name":"wp","href":"https:\/\/api.w.org\/{rel}","templated":true}]}}