{"id":86424,"date":"2020-05-22T08:04:53","date_gmt":"2020-05-22T12:04:53","guid":{"rendered":"https:\/\/linitiative.ca\/International\/le-medecin-militaire-de-paul-biya-est-decede\/"},"modified":"2020-05-22T08:04:53","modified_gmt":"2020-05-22T12:04:53","slug":"le-medecin-militaire-de-paul-biya-est-decede","status":"publish","type":"post","link":"https:\/\/linitiative.ca\/International\/le-medecin-militaire-de-paul-biya-est-decede\/","title":{"rendered":"Le m\u00e9decin militaire de Paul Biya est d\u00e9c\u00e9d\u00e9"},"content":{"rendered":"<div id=\"the-post\">\n<div class=\"featured-area featured-area-inner\"><img loading=\"lazy\" decoding=\"async\" width=\"613\" height=\"427\" src=\"https:\/\/ecomatin.net\/wp-content\/uploads\/2020\/05\/medi.png\" class=\"attachment-jannah-image-post size-jannah-image-post wp-post-image\" alt=\"\" srcset=\"https:\/\/ecomatin.net\/wp-content\/uploads\/2020\/05\/medi.png 613w, https:\/\/ecomatin.net\/wp-content\/uploads\/2020\/05\/medi-300x209.png 300w\" sizes=\"auto, (max-width: 613px) 100vw, 613px\" data-attachment-id=\"16117\" data-permalink=\"https:\/\/ecomatin.net\/le-medecin-militaire-de-paul-biya-est-decede\/medi\/\" data-orig-file=\"https:\/\/ecomatin.net\/wp-content\/uploads\/2020\/05\/medi.png\" data-orig-size=\"613,427\" data-comments-opened=\"0\" data-image-meta=\"{&quot;aperture&quot;:&quot;0&quot;,&quot;credit&quot;:&quot;&quot;,&quot;camera&quot;:&quot;&quot;,&quot;caption&quot;:&quot;&quot;,&quot;created_timestamp&quot;:&quot;0&quot;,&quot;copyright&quot;:&quot;&quot;,&quot;focal_length&quot;:&quot;0&quot;,&quot;iso&quot;:&quot;0&quot;,&quot;shutter_speed&quot;:&quot;0&quot;,&quot;title&quot;:&quot;&quot;,&quot;orientation&quot;:&quot;0&quot;}\" data-image-title=\"medi\" data-image-description=\"\" data-medium-file=\"https:\/\/ecomatin.net\/wp-content\/uploads\/2020\/05\/medi-300x209.png\" data-large-file=\"https:\/\/ecomatin.net\/wp-content\/uploads\/2020\/05\/medi.png\"\/><\/div>\n<div class=\"entry-content entry clearfix\" readability=\"23.938524590164\">\n<p>EcoMatin a appris tr\u00e8s t\u00f4t dans la journ\u00e9e de ce vendredi 22 mai 2020, le d\u00e9c\u00e8s du Colonel Marius Etoundi. Le m\u00e9decin militaire du chef de l\u2019Etat a rendu l\u2019\u00e2me dans la nuit du 21 au 22 mai 2020 des suites de la maladie. Des sources g\u00e9n\u00e9ralement bien inform\u00e9es indiquent qu\u2019il serait mort de Covid-19. Et l\u2019annonce de son enterrement ce matin dans la L\u00e9ki\u00e9 (r\u00e9gion du Centre) tend \u00e0 cr\u00e9diter cette th\u00e8se. EcoMatin revient sous peu sur le parcours de ce haut commis de l\u2019Etat qui a v\u00e9cu dans une extr\u00eame discr\u00e9tion.<\/p>\n<div class=\"awac-wrapper awac widget posts-list-widget-13\">\n<h4 class=\"widget-title\">Recent Posts<\/h4>\n<\/div>\n<\/div>\n<\/div>\n<div readability=\"31.5\">\n<div class=\"container-wrapper subscribe-widget widget-inner-wrap subscribe-widget-content\" id=\"post-newsletter\" readability=\"33\">\n<h4>With Product You Purchase<\/h4>\n<h3>Subscribe to our mailing list to get the new updates!<\/h3>\n<p>Lorem ipsum dolor sit amet, consectetur.<\/p>\n<\/div>\n<\/div>\n<p>Auteur: EcoMatin<br \/>\n<a href=\"https:\/\/ecomatin.net\/le-medecin-militaire-de-paul-biya-est-decede\/\">Cliquez ici pour lire l&rsquo;article depuis sa source.<\/a><\/p>\n","protected":false},"excerpt":{"rendered":"<p>EcoMatin a appris tr\u00e8s t\u00f4t dans la journ\u00e9e de ce vendredi 22 mai 2020, le d\u00e9c\u00e8s du Colonel Marius Etoundi. Le m\u00e9decin militaire du chef de l\u2019Etat a rendu l\u2019\u00e2me dans la nuit du 21 au 22 mai 2020 des suites de la maladie. Des sources g\u00e9n\u00e9ralement bien inform\u00e9es indiquent qu\u2019il serait mort de Covid-19. [&hellip;]<\/p>\n","protected":false},"author":1969,"featured_media":86425,"comment_status":"closed","ping_status":"closed","sticky":false,"template":"","format":"standard","meta":{"fifu_image_url":"","fifu_image_alt":"","footnotes":""},"categories":[82,78],"tags":[],"class_list":["post-86424","post","type-post","status-publish","format-standard","has-post-thumbnail","hentry","category-cameroun","category-economie"],"_links":{"self":[{"href":"https:\/\/linitiative.ca\/International\/wp-json\/wp\/v2\/posts\/86424","targetHints":{"allow":["GET"]}}],"collection":[{"href":"https:\/\/linitiative.ca\/International\/wp-json\/wp\/v2\/posts"}],"about":[{"href":"https:\/\/linitiative.ca\/International\/wp-json\/wp\/v2\/types\/post"}],"author":[{"embeddable":true,"href":"https:\/\/linitiative.ca\/International\/wp-json\/wp\/v2\/users\/1969"}],"replies":[{"embeddable":true,"href":"https:\/\/linitiative.ca\/International\/wp-json\/wp\/v2\/comments?post=86424"}],"version-history":[{"count":0,"href":"https:\/\/linitiative.ca\/International\/wp-json\/wp\/v2\/posts\/86424\/revisions"}],"wp:featuredmedia":[{"embeddable":true,"href":"https:\/\/linitiative.ca\/International\/wp-json\/"}],"wp:attachment":[{"href":"https:\/\/linitiative.ca\/International\/wp-json\/wp\/v2\/media?parent=86424"}],"wp:term":[{"taxonomy":"category","embeddable":true,"href":"https:\/\/linitiative.ca\/International\/wp-json\/wp\/v2\/categories?post=86424"},{"taxonomy":"post_tag","embeddable":true,"href":"https:\/\/linitiative.ca\/International\/wp-json\/wp\/v2\/tags?post=86424"}],"curies":[{"name":"wp","href":"https:\/\/api.w.org\/{rel}","templated":true}]}}