{"id":86426,"date":"2020-05-22T08:29:02","date_gmt":"2020-05-22T12:29:02","guid":{"rendered":"https:\/\/linitiative.ca\/International\/coronavirus-lunicef-remet-des-equipements-de-protection-pour-le-personnel-de-sante\/"},"modified":"2020-05-22T08:29:02","modified_gmt":"2020-05-22T12:29:02","slug":"coronavirus-lunicef-remet-des-equipements-de-protection-pour-le-personnel-de-sante","status":"publish","type":"post","link":"https:\/\/linitiative.ca\/International\/coronavirus-lunicef-remet-des-equipements-de-protection-pour-le-personnel-de-sante\/","title":{"rendered":"Coronavirus : l\u2019Unicef remet des \u00e9quipements de protection pour le personnel de sant\u00e9"},"content":{"rendered":"<div id=\"the-post\">\n<div class=\"featured-area featured-area-inner\"><img loading=\"lazy\" decoding=\"async\" width=\"300\" height=\"300\" src=\"https:\/\/ecomatin.net\/wp-content\/uploads\/2020\/05\/rep-unicef.jpg\" class=\"attachment-jannah-image-post size-jannah-image-post wp-post-image\" alt=\"UNICEF\" srcset=\"https:\/\/ecomatin.net\/wp-content\/uploads\/2020\/05\/rep-unicef.jpg 300w, https:\/\/ecomatin.net\/wp-content\/uploads\/2020\/05\/rep-unicef-150x150.jpg 150w\" sizes=\"auto, (max-width: 300px) 100vw, 300px\" data-attachment-id=\"16094\" data-permalink=\"https:\/\/ecomatin.net\/covid-19-le-mincom-recoit-400-megaphones-pour-la-sensibilisation\/rep-unicef\/\" data-orig-file=\"https:\/\/ecomatin.net\/wp-content\/uploads\/2020\/05\/rep-unicef.jpg\" data-orig-size=\"300,300\" data-comments-opened=\"0\" data-image-meta=\"{&quot;aperture&quot;:&quot;0&quot;,&quot;credit&quot;:&quot;&quot;,&quot;camera&quot;:&quot;&quot;,&quot;caption&quot;:&quot;&quot;,&quot;created_timestamp&quot;:&quot;0&quot;,&quot;copyright&quot;:&quot;&quot;,&quot;focal_length&quot;:&quot;0&quot;,&quot;iso&quot;:&quot;0&quot;,&quot;shutter_speed&quot;:&quot;0&quot;,&quot;title&quot;:&quot;&quot;,&quot;orientation&quot;:&quot;0&quot;}\" data-image-title=\"rep-unicef\" data-image-description=\"\" data-medium-file=\"https:\/\/ecomatin.net\/wp-content\/uploads\/2020\/05\/rep-unicef-300x300.jpg\" data-large-file=\"https:\/\/ecomatin.net\/wp-content\/uploads\/2020\/05\/rep-unicef.jpg\"\/><\/div>\n<div class=\"entry-content entry clearfix\" readability=\"52.055073941866\">\n<p>Le 19 mai, le secr\u00e9taire d\u2019Etat \u00e0 la sant\u00e9 publique Alim Hayatou, recevait en audience au nom du ministre de la Sant\u00e9 publique (Minsant\u00e9), le repr\u00e9sentant au Cameroun du Fonds des Nations Unies pour l\u2019enfance (Unicef), Jacques Boyer. Durant leur entrevue, leurs \u00e9changes ont port\u00e9 sur le geste de l\u2019organisme onusien, envers le personnel sanitaire camerounais.<\/p>\n<p>En effet, l\u2019Unicef a fait don d\u2019\u00e9quipements de protection pour les personnels de sant\u00e9 dans le cadre de la r\u00e9ponse \u00e0 la pand\u00e9mie de Covid-19 au Minsant\u00e9. Il s\u2019agit pr\u00e9cis\u00e9ment de combinaison de protection, des blousses, des masques chirurgicaux et des masques faciaux. L\u2019objectif de cette action engag\u00e9e par l\u2019Unicef est la protection de tous ceux-l\u00e0 qui \u0153uvrent dans la lutte contre la pand\u00e9mie.<\/p>\n<p>Selon le repr\u00e9sentant de l\u2019Unicef, cette donation n\u2019est que la premi\u00e8re phase d\u2019une plus grande qui sera faite au minist\u00e8re de la Sant\u00e9 publique. Elle sera compos\u00e9e d\u2019autres \u00e9quipements de protection pour le personnel m\u00e9dical, des concentrateurs d\u2019oxyg\u00e8ne et des cartouches qui permettront aux laborantins de pouvoir faire des tests dans le cadre de l\u2019identification des personnes infect\u00e9es par le virus.<\/p>\n<p>Toujours dans la lutte contre le Coronavirus, l\u2019Unicef remettait en d\u00e9but de semaine des m\u00e9gaphones au minist\u00e8re de la Communication pour renforcer la sensibilisation des populations. A ce jour le pays compte 3733 cas positifs, 1595 gu\u00e9ris et 146 d\u00e9c\u00e8s.<\/p>\n<p class=\"has-background has-very-light-gray-background-color c2\"><strong>&gt;&gt;Lire aussi-<\/strong><a href=\"https:\/\/ecomatin.net\/covid-19-le-mincom-recoit-400-megaphones-pour-la-sensibilisation\/\">Covid-19 : le Mincom re\u00e7oit 400 m\u00e9gaphones pour la sensibilisation<\/a><\/p>\n<div class=\"awac-wrapper awac widget posts-list-widget-13\">\n<h4 class=\"widget-title\">Recent Posts<\/h4>\n<\/div>\n<\/div>\n<\/div>\n<div readability=\"31.5\">\n<div class=\"container-wrapper subscribe-widget widget-inner-wrap subscribe-widget-content\" id=\"post-newsletter\" readability=\"33\">\n<h4>With Product You Purchase<\/h4>\n<h3>Subscribe to our mailing list to get the new updates!<\/h3>\n<p>Lorem ipsum dolor sit amet, consectetur.<\/p>\n<\/div>\n<\/div>\n<p>Auteur: EcoMatin<br \/>\n<a href=\"https:\/\/ecomatin.net\/coronavirus-lunicef-remet-des-equipements-de-protection-pour-le-personnel-de-sante\/\">Cliquez ici pour lire l&rsquo;article depuis sa source.<\/a><\/p>\n","protected":false},"excerpt":{"rendered":"<p>Le 19 mai, le secr\u00e9taire d\u2019Etat \u00e0 la sant\u00e9 publique Alim Hayatou, recevait en audience au nom du ministre de la Sant\u00e9 publique (Minsant\u00e9), le repr\u00e9sentant au Cameroun du Fonds des Nations Unies pour l\u2019enfance (Unicef), Jacques Boyer. Durant leur entrevue, leurs \u00e9changes ont port\u00e9 sur le geste de l\u2019organisme onusien, envers le personnel sanitaire [&hellip;]<\/p>\n","protected":false},"author":1969,"featured_media":86427,"comment_status":"closed","ping_status":"closed","sticky":false,"template":"","format":"standard","meta":{"fifu_image_url":"","fifu_image_alt":"","footnotes":""},"categories":[82,78],"tags":[],"class_list":["post-86426","post","type-post","status-publish","format-standard","has-post-thumbnail","hentry","category-cameroun","category-economie"],"_links":{"self":[{"href":"https:\/\/linitiative.ca\/International\/wp-json\/wp\/v2\/posts\/86426","targetHints":{"allow":["GET"]}}],"collection":[{"href":"https:\/\/linitiative.ca\/International\/wp-json\/wp\/v2\/posts"}],"about":[{"href":"https:\/\/linitiative.ca\/International\/wp-json\/wp\/v2\/types\/post"}],"author":[{"embeddable":true,"href":"https:\/\/linitiative.ca\/International\/wp-json\/wp\/v2\/users\/1969"}],"replies":[{"embeddable":true,"href":"https:\/\/linitiative.ca\/International\/wp-json\/wp\/v2\/comments?post=86426"}],"version-history":[{"count":0,"href":"https:\/\/linitiative.ca\/International\/wp-json\/wp\/v2\/posts\/86426\/revisions"}],"wp:featuredmedia":[{"embeddable":true,"href":"https:\/\/linitiative.ca\/International\/wp-json\/"}],"wp:attachment":[{"href":"https:\/\/linitiative.ca\/International\/wp-json\/wp\/v2\/media?parent=86426"}],"wp:term":[{"taxonomy":"category","embeddable":true,"href":"https:\/\/linitiative.ca\/International\/wp-json\/wp\/v2\/categories?post=86426"},{"taxonomy":"post_tag","embeddable":true,"href":"https:\/\/linitiative.ca\/International\/wp-json\/wp\/v2\/tags?post=86426"}],"curies":[{"name":"wp","href":"https:\/\/api.w.org\/{rel}","templated":true}]}}