{"id":86428,"date":"2020-05-22T08:38:11","date_gmt":"2020-05-22T12:38:11","guid":{"rendered":"https:\/\/linitiative.ca\/International\/loif-reporte-son-18eme-sommet\/"},"modified":"2020-05-22T08:38:11","modified_gmt":"2020-05-22T12:38:11","slug":"loif-reporte-son-18eme-sommet","status":"publish","type":"post","link":"https:\/\/linitiative.ca\/International\/loif-reporte-son-18eme-sommet\/","title":{"rendered":"L\u2019OIF reporte son 18\u00e8me sommet"},"content":{"rendered":"<div id=\"the-post\">\n<div class=\"featured-area featured-area-inner\"><img loading=\"lazy\" decoding=\"async\" width=\"480\" height=\"360\" src=\"https:\/\/ecomatin.net\/wp-content\/uploads\/2020\/05\/SG-francophonie.jpg\" class=\"attachment-jannah-image-post size-jannah-image-post wp-post-image\" alt=\"SG francophonie\" srcset=\"https:\/\/ecomatin.net\/wp-content\/uploads\/2020\/05\/SG-francophonie.jpg 480w, https:\/\/ecomatin.net\/wp-content\/uploads\/2020\/05\/SG-francophonie-300x225.jpg 300w\" sizes=\"auto, (max-width: 480px) 100vw, 480px\" data-attachment-id=\"16122\" data-permalink=\"https:\/\/ecomatin.net\/loif-reporte-son-18eme-sommet\/sg-francophonie\/\" data-orig-file=\"https:\/\/ecomatin.net\/wp-content\/uploads\/2020\/05\/SG-francophonie.jpg\" data-orig-size=\"480,360\" data-comments-opened=\"0\" data-image-meta=\"{&quot;aperture&quot;:&quot;0&quot;,&quot;credit&quot;:&quot;&quot;,&quot;camera&quot;:&quot;&quot;,&quot;caption&quot;:&quot;&quot;,&quot;created_timestamp&quot;:&quot;0&quot;,&quot;copyright&quot;:&quot;&quot;,&quot;focal_length&quot;:&quot;0&quot;,&quot;iso&quot;:&quot;0&quot;,&quot;shutter_speed&quot;:&quot;0&quot;,&quot;title&quot;:&quot;&quot;,&quot;orientation&quot;:&quot;0&quot;}\" data-image-title=\"SG francophonie\" data-image-description=\"\" data-medium-file=\"https:\/\/ecomatin.net\/wp-content\/uploads\/2020\/05\/SG-francophonie-300x225.jpg\" data-large-file=\"https:\/\/ecomatin.net\/wp-content\/uploads\/2020\/05\/SG-francophonie.jpg\"\/> SG francophonie<\/div>\n<div class=\"entry-content entry clearfix\" readability=\"47.441193021947\">\n<p>La crise sanitaire de Coronavirus continue de jouer des tours aux \u00e9v\u00e9nements programm\u00e9s pour cette ann\u00e9e 2020. L\u2019on passe d\u2019annulation d\u2019\u00e9v\u00e9nements \u00e0 des reprogrammations. Cette fois ci c\u2019est autour du 18<sup>\u00e8me<\/sup> sommet de l\u2019Organisation internationale de la Francophonie (OIF), qui devait se tenir au mois de d\u00e9cembre 2020 en Tunisie.<\/p>\n<p>\u00ab\u00a0<em>En raison de la crise sanitaire qui touche aujourd\u2019hui le monde entier et des nombreuses incertitudes qui en d\u00e9coulent, monsieur Kais Saied, pr\u00e9sident de la R\u00e9publique de Tunisie et madame Louise Mushikiwabo, secr\u00e9taire g\u00e9n\u00e9rale de la Francophonie sont convenus aujourd\u2019hui, du report du XVIIIe sommet de la Francophonie, qui devait avoir lieu les 12 et 13 d\u00e9cembre 2020 \u00e0 Tunis<\/em>\u00a0\u00bb, peut-on le lire sur le communique de presse rendu public par l\u2019organisation le 20 mai.<\/p>\n<p>Par la suite elle continue en disant\u00a0: \u00ab\u00a0<em>la Tunisie r\u00e9affirme sa volont\u00e9 d\u2019abriter le XVIIIe sommet, et propose que celui-ci se tienne \u00e0 Djerba en 2021, \u00e0 une date qui sera d\u00e9cid\u00e9e par les autorit\u00e9s tunisiennes et l\u2019OIF et communiqu\u00e9e prochainement<\/em>\u00a0\u00bb.<\/p>\n<p>Le th\u00e8me de cette \u00e9dition est alors\u00a0:\u00a0\u00ab\u00a0<em>connectivit\u00e9 dans la diversit\u00e9\u00a0: le num\u00e9rique vecteur de d\u00e9veloppement et de solidarit\u00e9 dans l\u2019espace francophone<\/em>\u00bb. \u00a0Pour rappel le Cameroun fait partir des 88 \u00e9tats et gouvernements membres de l\u2019OIF depuis 1991.<\/p>\n<div class=\"awac-wrapper awac widget posts-list-widget-13\">\n<h4 class=\"widget-title\">Recent Posts<\/h4>\n<\/div>\n<\/div>\n<\/div>\n<div readability=\"31.5\">\n<div class=\"container-wrapper subscribe-widget widget-inner-wrap subscribe-widget-content\" id=\"post-newsletter\" readability=\"33\">\n<h4>With Product You Purchase<\/h4>\n<h3>Subscribe to our mailing list to get the new updates!<\/h3>\n<p>Lorem ipsum dolor sit amet, consectetur.<\/p>\n<\/div>\n<\/div>\n<p>Auteur: EcoMatin<br \/>\n<a href=\"https:\/\/ecomatin.net\/loif-reporte-son-18eme-sommet\/\">Cliquez ici pour lire l&rsquo;article depuis sa source.<\/a><\/p>\n","protected":false},"excerpt":{"rendered":"<p>SG francophonie La crise sanitaire de Coronavirus continue de jouer des tours aux \u00e9v\u00e9nements programm\u00e9s pour cette ann\u00e9e 2020. L\u2019on passe d\u2019annulation d\u2019\u00e9v\u00e9nements \u00e0 des reprogrammations. Cette fois ci c\u2019est autour du 18\u00e8me sommet de l\u2019Organisation internationale de la Francophonie (OIF), qui devait se tenir au mois de d\u00e9cembre 2020 en Tunisie. \u00ab\u00a0En raison de [&hellip;]<\/p>\n","protected":false},"author":1969,"featured_media":86429,"comment_status":"closed","ping_status":"closed","sticky":false,"template":"","format":"standard","meta":{"fifu_image_url":"","fifu_image_alt":"","footnotes":""},"categories":[82,78],"tags":[],"class_list":["post-86428","post","type-post","status-publish","format-standard","has-post-thumbnail","hentry","category-cameroun","category-economie"],"_links":{"self":[{"href":"https:\/\/linitiative.ca\/International\/wp-json\/wp\/v2\/posts\/86428","targetHints":{"allow":["GET"]}}],"collection":[{"href":"https:\/\/linitiative.ca\/International\/wp-json\/wp\/v2\/posts"}],"about":[{"href":"https:\/\/linitiative.ca\/International\/wp-json\/wp\/v2\/types\/post"}],"author":[{"embeddable":true,"href":"https:\/\/linitiative.ca\/International\/wp-json\/wp\/v2\/users\/1969"}],"replies":[{"embeddable":true,"href":"https:\/\/linitiative.ca\/International\/wp-json\/wp\/v2\/comments?post=86428"}],"version-history":[{"count":0,"href":"https:\/\/linitiative.ca\/International\/wp-json\/wp\/v2\/posts\/86428\/revisions"}],"wp:featuredmedia":[{"embeddable":true,"href":"https:\/\/linitiative.ca\/International\/wp-json\/"}],"wp:attachment":[{"href":"https:\/\/linitiative.ca\/International\/wp-json\/wp\/v2\/media?parent=86428"}],"wp:term":[{"taxonomy":"category","embeddable":true,"href":"https:\/\/linitiative.ca\/International\/wp-json\/wp\/v2\/categories?post=86428"},{"taxonomy":"post_tag","embeddable":true,"href":"https:\/\/linitiative.ca\/International\/wp-json\/wp\/v2\/tags?post=86428"}],"curies":[{"name":"wp","href":"https:\/\/api.w.org\/{rel}","templated":true}]}}