{"id":86430,"date":"2020-05-23T06:06:32","date_gmt":"2020-05-23T10:06:32","guid":{"rendered":"https:\/\/linitiative.ca\/International\/covid-19-maroc-depuis-hier-16hr-43-nouveaux-cas-196-nouvelles-guerisons-zero-deces\/"},"modified":"2020-05-23T06:06:32","modified_gmt":"2020-05-23T10:06:32","slug":"covid-19-maroc-depuis-hier-16hr-43-nouveaux-cas-196-nouvelles-guerisons-zero-deces","status":"publish","type":"post","link":"https:\/\/linitiative.ca\/International\/covid-19-maroc-depuis-hier-16hr-43-nouveaux-cas-196-nouvelles-guerisons-zero-deces\/","title":{"rendered":"Covid-19 \/ Maroc : Depuis hier 16hr  43 nouveaux cas  196 nouvelles gu\u00e9risons  Z\u00c9RO D\u00c9C\u00c8S"},"content":{"rendered":"<div>\n<p>Depuis hier 16hr<br \/>\n43 nouveaux cas<br \/>\n196 nouvelles gu&eacute;risons<br \/>\nZ&Eacute;RO D&Eacute;C&Egrave;S<\/p>\n<p><a href=\"https:\/\/aujourdhui.ma\/wp-content\/uploads\/2020\/05\/bilan-coronavirus-Maroc-23052020-10h00.jpg\"><img loading=\"lazy\" decoding=\"async\" class=\"alignnone size-full wp-image-345754\" src=\"https:\/\/aujourdhui.ma\/wp-content\/uploads\/2020\/05\/bilan-coronavirus-Maroc-23052020-10h00.jpg\" alt=\"\" width=\"799\" height=\"756\" srcset=\"\/\/aujourdhui.ma\/wp-content\/uploads\/2020\/05\/bilan-coronavirus-Maroc-23052020-10h00.jpg 799w, \/\/aujourdhui.ma\/wp-content\/uploads\/2020\/05\/bilan-coronavirus-Maroc-23052020-10h00-300x284.jpg 300w, \/\/aujourdhui.ma\/wp-content\/uploads\/2020\/05\/bilan-coronavirus-Maroc-23052020-10h00-768x727.jpg 768w\" sizes=\"auto, (max-width: 799px) 100vw, 799px\"><\/a> <a href=\"https:\/\/aujourdhui.ma\/wp-content\/uploads\/2020\/05\/bilan-coronavirus-Maroc-23052020-10h00-regions.jpg\"><img loading=\"lazy\" decoding=\"async\" class=\"alignnone size-full wp-image-345753\" src=\"https:\/\/aujourdhui.ma\/wp-content\/uploads\/2020\/05\/bilan-coronavirus-Maroc-23052020-10h00-regions.jpg\" alt=\"\" width=\"1150\" height=\"698\" srcset=\"\/\/aujourdhui.ma\/wp-content\/uploads\/2020\/05\/bilan-coronavirus-Maroc-23052020-10h00-regions.jpg 1150w, \/\/aujourdhui.ma\/wp-content\/uploads\/2020\/05\/bilan-coronavirus-Maroc-23052020-10h00-regions-300x182.jpg 300w, \/\/aujourdhui.ma\/wp-content\/uploads\/2020\/05\/bilan-coronavirus-Maroc-23052020-10h00-regions-1024x622.jpg 1024w, \/\/aujourdhui.ma\/wp-content\/uploads\/2020\/05\/bilan-coronavirus-Maroc-23052020-10h00-regions-768x466.jpg 768w\" sizes=\"auto, (max-width: 1150px) 100vw, 1150px\"><\/a><\/p>\n<\/div>\n<p>Auteur: ALM<br \/>\n<a href=\"https:\/\/aujourdhui.ma\/actualite\/covid-19-maroc-depuis-hier-16hr-43-nouveaux-cas-196-nouvelles-guerisons-zero-deces\">Cliquez ici pour lire l&rsquo;article depuis sa source.<\/a><\/p>\n","protected":false},"excerpt":{"rendered":"<p>Depuis hier 16hr 43 nouveaux cas 196 nouvelles gu&eacute;risons Z&Eacute;RO D&Eacute;C&Egrave;S Auteur: ALM Cliquez ici pour lire l&rsquo;article depuis sa source.<\/p>\n","protected":false},"author":1759,"featured_media":86431,"comment_status":"closed","ping_status":"closed","sticky":false,"template":"","format":"standard","meta":{"fifu_image_url":"","fifu_image_alt":"","footnotes":""},"categories":[73,54],"tags":[],"class_list":["post-86430","post","type-post","status-publish","format-standard","has-post-thumbnail","hentry","category-actualite","category-maroc"],"_links":{"self":[{"href":"https:\/\/linitiative.ca\/International\/wp-json\/wp\/v2\/posts\/86430","targetHints":{"allow":["GET"]}}],"collection":[{"href":"https:\/\/linitiative.ca\/International\/wp-json\/wp\/v2\/posts"}],"about":[{"href":"https:\/\/linitiative.ca\/International\/wp-json\/wp\/v2\/types\/post"}],"author":[{"embeddable":true,"href":"https:\/\/linitiative.ca\/International\/wp-json\/wp\/v2\/users\/1759"}],"replies":[{"embeddable":true,"href":"https:\/\/linitiative.ca\/International\/wp-json\/wp\/v2\/comments?post=86430"}],"version-history":[{"count":0,"href":"https:\/\/linitiative.ca\/International\/wp-json\/wp\/v2\/posts\/86430\/revisions"}],"wp:featuredmedia":[{"embeddable":true,"href":"https:\/\/linitiative.ca\/International\/wp-json\/"}],"wp:attachment":[{"href":"https:\/\/linitiative.ca\/International\/wp-json\/wp\/v2\/media?parent=86430"}],"wp:term":[{"taxonomy":"category","embeddable":true,"href":"https:\/\/linitiative.ca\/International\/wp-json\/wp\/v2\/categories?post=86430"},{"taxonomy":"post_tag","embeddable":true,"href":"https:\/\/linitiative.ca\/International\/wp-json\/wp\/v2\/tags?post=86430"}],"curies":[{"name":"wp","href":"https:\/\/api.w.org\/{rel}","templated":true}]}}