{"id":86447,"date":"2020-05-23T13:24:07","date_gmt":"2020-05-23T17:24:07","guid":{"rendered":"https:\/\/linitiative.ca\/International\/une-ambiance-ramadanesque-exceptionnelle-en-temps-du-covid-19\/"},"modified":"2020-05-23T13:24:07","modified_gmt":"2020-05-23T17:24:07","slug":"une-ambiance-ramadanesque-exceptionnelle-en-temps-du-covid-19","status":"publish","type":"post","link":"https:\/\/linitiative.ca\/International\/une-ambiance-ramadanesque-exceptionnelle-en-temps-du-covid-19\/","title":{"rendered":"Une ambiance ramadanesque \u00ab\u00a0exceptionnelle\u00a0\u00bb en temps du Covid-19"},"content":{"rendered":"<div readability=\"41\">\n<p>Par: Abdelhak YAHYA<br \/>El Kela\u00e2 des Sraghna \u2013 Si le mois sacr\u00e9 du Ramadan occupe une place tr\u00e8s particuli\u00e8re dans les c\u0153urs des habitants d\u2019El Kela\u00e2 des Sraghna, l\u2019av\u00e8nement, cette ann\u00e9e, de ce mois b\u00e9ni, dans un contexte marqu\u00e9 par la pand\u00e9mie du Covid-19 et la panoplie de mesures pr\u00e9ventives prises pour enrayer sa propagation, a totalement m\u00e9tamorphos\u00e9 cette atmosph\u00e8re spirituelle, avec une ambiance \u00ab\u00a0exceptionnelle\u00a0\u00bb venue perturber la majorit\u00e9 des traditions que la population locale veillait \u00e0 revivifier durant cette p\u00e9riode de recueillement et de pi\u00e9t\u00e9.<\/p>\n<\/div>\n<div readability=\"133.5\">\n<p>En effet, nul parmi les habitants d\u2019El Kela\u00e2 des Sraghna ne pouvait imaginer qu\u2019un ennemi \u00ab\u00a0invisible\u00a0\u00bb viendrait, un jour, chambouler, voire annuler la plupart des rituels et traditions propres \u00e0 ce mois de b\u00e9n\u00e9diction, tels que l\u2019\u00e9change de visites entre familles et amis, les r\u00e9unions familiales \u00e9largies autour des tables du Ftour, les sorties entre enfants dans les places pour rencontrer leurs pairs et passer ensemble de bons moments de joie avant la rupture du je\u00fbne.<\/p>\n<p>Cette ambiance ramadanesque a \u00e9t\u00e9 aussi fortement impact\u00e9e par le Covid-19, comme en t\u00e9moigne la fermeture des mosqu\u00e9es o\u00f9 les fid\u00e8les serghinis convergeaient en masse pour l\u2019accomplissement des Tarawih, sans oublier les balades dans les art\u00e8res et les jardins de la ville pour jouir de purs moments de d\u00e9tente et de qui\u00e9tude et ce, en raison de la conjoncture exceptionnelle induite par la propagation de la pand\u00e9mie.<\/p>\n<p>Par ailleurs, les habitants d\u2019El Kela\u00e2 des Sraghna ont fait preuve d\u2019un engagement infaillible et d\u2019une interaction positive avec les mesures et dispositifs mis en place dans le cadre de l\u2019\u00e9tat d\u2019urgence sanitaire, les rues et boulevards de la ville \u00e9tant d\u00e9sertes en l\u2019absence de la circulation des voitures, des motos et des v\u00e9los, ainsi que des pi\u00e9tons.<\/p>\n<p>Ce comportement citoyen traduit le haut degr\u00e9 de prise de conscience de la population de la ville quant aux risques imminents du Covid-19, et son respect strict des directives \u00e9mises par les autorit\u00e9s publiques : confinement et restriction des d\u00e9placements sauf pour les cas d\u2019extr\u00eame n\u00e9cessit\u00e9.<\/p>\n<p>Dans ce contexte, les autorit\u00e9s locales ont intensifi\u00e9 leurs patrouilles dans les diff\u00e9rents quartiers et espaces de la ville, dans le but de garantir la mise en \u0153uvre optimale des mesures de confinement sanitaire et des dispositifs instaur\u00e9s dans le cadre de l\u2019\u00e9tat d\u2019urgence sanitaire, et de s\u2019assurer de leur respect par les citoyens.<\/p>\n<p>Ces patrouilles ont \u00e9galement eu pour mission de veiller au respect par les commerces autoris\u00e9s \u00e0 ouvrir, en cette conjoncture d\u00e9licate, des mesures de s\u00e9curit\u00e9 sanitaire, de s\u2019assurer de la qualit\u00e9 des produits alimentaires en vente et de surveiller l\u2019\u00e9tat d\u2019approvisionnement du march\u00e9 local tout au long du mois de Ramadan, qui conna\u00eet un grand engouement pour certains produits \u00e0 forte consommation.<\/p>\n<p>Dans une d\u00e9claration \u00e0 la MAP, Abderrahmane Sousou, acteur associatif et l\u2019un des habitants de la ville, a indiqu\u00e9 que depuis la d\u00e9claration de l\u2019\u00e9tat d\u2019urgence sanitaire, le 20 mars dernier, la ville d\u2019El Kela\u00e2 des Sraghna a v\u00e9cu au rythme d\u2019une ambiance assez exceptionnelle et particuli\u00e8re \u00e0 tous les niveaux, surtout durant le mois sacr\u00e9 du Ramadan.<\/p>\n<div readability=\"86\">\n<p>Il a expliqu\u00e9 que le respect, par les habitants, du confinement, des mesures de distanciation sociale et la restriction de leurs d\u00e9placements ont permis \u00e0 la ville de mieux s\u2019immuniser contre la propagation de cette pand\u00e9mie, puisqu\u2019elle est rest\u00e9e, pour la plupart du temps, en zone verte (5 cas confirm\u00e9s, dont 4 r\u00e9missions et un d\u00e9c\u00e8s).<\/p>\n<p>Et de poursuivre qu\u2019\u00e0 l\u2019instar des autres villes du Royaume, El Kela\u00e2 des Sraghna a connu la suspension de certaines activit\u00e9s \u00e9conomiques, \u00e0 l\u2019exception de celles qui assurent au quotidien l\u2019approvisionnement n\u00e9cessaire des consommateurs en l\u00e9gumes, fruits, viandes et poissons, en plus des \u00e9piceries.<\/p>\n<p>M. Sousou a relev\u00e9, en outre, que la population locale a v\u00e9cu un mois de Ramadan 2020 pas comme les autres, avec la fermeture des mosqu\u00e9es et l\u2019absence de cette ambiance des plus spirituelles qui se d\u00e9gageait des Maisons de Dieu avec les lectures et d\u00e9clamations quotidiennes du Saint Coran, ainsi que de ces moments de partage et de communion empreints de convivialit\u00e9 et de chaleur humaine autour des tables du ftour.<\/p>\n<p>L\u2019acteur associatif a, d\u2019autre part, soulign\u00e9 que cette p\u00e9riode a \u00e9t\u00e9 marqu\u00e9e par la grande mobilisation des cadres p\u00e9dagogiques et administratifs locaux pour la r\u00e9ussite de l\u2019op\u00e9ration de l\u2019enseignement \u00e0 distance, \u00e0 la faveur des diff\u00e9rentes plateformes et des divers canaux de communication mis en place \u00e0 cette fin: \u00ab\u00a0Teams\u00a0\u00bb, \u00ab\u00a0Telmid Tice\u00a0\u00bb et l\u2019application de la messagerie instantan\u00e9e \u00ab\u00a0WhatsApp\u00a0\u00bb, en plus du suivi par les \u00e9tudiants des cours \u00e0 distance, diffus\u00e9s sur certaines cha\u00eenes de t\u00e9l\u00e9vision (Arrabia, Arriyadia, TV Laayoune, Al Oula).<\/p>\n<p>Il a estim\u00e9 que si la pand\u00e9mie du Covid-19 a rel\u00e9gu\u00e9 au second plan les us et coutumes ainsi que les rituels propres au mois du Ramadan, cette urgence sanitaire a renforc\u00e9 davantage les valeurs de solidarit\u00e9, de citoyennet\u00e9 et d\u2019entraide sociale qui caract\u00e9risent la soci\u00e9t\u00e9 serghinie. Des valeurs qui font partie int\u00e9grante de l\u2019identit\u00e9 de tous les Marocains.<\/p>\n<p>Dans ce sens, il a not\u00e9 que le tissu associatif local, conscient des effets n\u00e9gatifs de l\u2019arr\u00eat de plusieurs activit\u00e9s \u00e9conomiques exerc\u00e9es par une large frange de la population, a men\u00e9 une multitude d\u2019initiatives de solidarit\u00e9 pour venir en aide aux cat\u00e9gories vuln\u00e9rables et n\u00e9cessiteuses, ajoutant que les associations ont entrepris une s\u00e9rie d\u2019actions solidaires, notamment la distribution de grandes quantit\u00e9s de produits alimentaires de premi\u00e8re n\u00e9cessit\u00e9 au profit des familles d\u00e9munies. Un acte, a-t-il dit, qui a eu un large \u00e9cho favorable aupr\u00e8s des b\u00e9n\u00e9ficiaires et de l\u2019ensemble de la population.<\/p>\n<p>Et M. Sousou de conclure que les habitants d\u2019El Kela\u00e2 des Sraghna attendent avec impatience de retrouver leur vie d\u2019avant Covid-19 et de reprendre, apr\u00e8s la lev\u00e9e du confinement sanitaire, leurs activit\u00e9s quotidiennes de fa\u00e7on tr\u00e8s naturelle, tout en appelant la population de la ville \u00e0 tirer les enseignements de cette p\u00e9riode exceptionnelle pour se projeter et prospecter un avenir plus radieux et prosp\u00e8re.<\/p>\n<p>Alors que le mois du Ramadan tire \u00e0 sa fin, la ville d\u2019El Kela\u00e2 des Sraghna s\u2019appr\u00eate \u00e0 c\u00e9l\u00e9brer A\u00efd Al-Fitr dans le cadre du respect scrupuleux par ses habitants des mesures de s\u00e9curit\u00e9 sanitaire d\u00e9cr\u00e9t\u00e9es : accomplissement de la pri\u00e8re de l\u2019A\u00efd chez soi, port des masques de protection et distanciation sociale, le tout doubl\u00e9 de l\u2019absence des visites familiales. Une autre c\u00e9l\u00e9bration d\u2019une f\u00eate religieuse dans une ambiance inhabituelle, impos\u00e9e par une pand\u00e9mie qui a fait des ravages \u00e0 travers le monde.<\/p>\n<\/div>\n<\/div>\n<p>Auteur: Meriem IGASS<br \/>\n<a href=\"http:\/\/www.mapmarrakech.ma\/fr\/une-ambiance-ramadanesque-exceptionnelle-en-temps-du-covid-19\/\">Cliquez ici pour lire l&rsquo;article depuis sa source.<\/a><\/p>\n","protected":false},"excerpt":{"rendered":"<p>Par: Abdelhak YAHYAEl Kela\u00e2 des Sraghna \u2013 Si le mois sacr\u00e9 du Ramadan occupe une place tr\u00e8s particuli\u00e8re dans les c\u0153urs des habitants d\u2019El Kela\u00e2 des Sraghna, l\u2019av\u00e8nement, cette ann\u00e9e, de ce mois b\u00e9ni, dans un contexte marqu\u00e9 par la pand\u00e9mie du Covid-19 et la panoplie de mesures pr\u00e9ventives prises pour enrayer sa propagation, a [&hellip;]<\/p>\n","protected":false},"author":1788,"featured_media":0,"comment_status":"closed","ping_status":"closed","sticky":false,"template":"","format":"standard","meta":{"fifu_image_url":"","fifu_image_alt":"","footnotes":""},"categories":[54,76],"tags":[],"class_list":["post-86447","post","type-post","status-publish","format-standard","hentry","category-maroc","category-regions"],"_links":{"self":[{"href":"https:\/\/linitiative.ca\/International\/wp-json\/wp\/v2\/posts\/86447","targetHints":{"allow":["GET"]}}],"collection":[{"href":"https:\/\/linitiative.ca\/International\/wp-json\/wp\/v2\/posts"}],"about":[{"href":"https:\/\/linitiative.ca\/International\/wp-json\/wp\/v2\/types\/post"}],"author":[{"embeddable":true,"href":"https:\/\/linitiative.ca\/International\/wp-json\/wp\/v2\/users\/1788"}],"replies":[{"embeddable":true,"href":"https:\/\/linitiative.ca\/International\/wp-json\/wp\/v2\/comments?post=86447"}],"version-history":[{"count":0,"href":"https:\/\/linitiative.ca\/International\/wp-json\/wp\/v2\/posts\/86447\/revisions"}],"wp:attachment":[{"href":"https:\/\/linitiative.ca\/International\/wp-json\/wp\/v2\/media?parent=86447"}],"wp:term":[{"taxonomy":"category","embeddable":true,"href":"https:\/\/linitiative.ca\/International\/wp-json\/wp\/v2\/categories?post=86447"},{"taxonomy":"post_tag","embeddable":true,"href":"https:\/\/linitiative.ca\/International\/wp-json\/wp\/v2\/tags?post=86447"}],"curies":[{"name":"wp","href":"https:\/\/api.w.org\/{rel}","templated":true}]}}