{"id":86450,"date":"2020-05-23T13:54:34","date_gmt":"2020-05-23T17:54:34","guid":{"rendered":"https:\/\/linitiative.ca\/International\/32-nouvelles-remissions-6-nouveaux-cas-confirmes-a-marrakech-safi-drs\/"},"modified":"2020-05-23T13:54:34","modified_gmt":"2020-05-23T17:54:34","slug":"32-nouvelles-remissions-6-nouveaux-cas-confirmes-a-marrakech-safi-drs","status":"publish","type":"post","link":"https:\/\/linitiative.ca\/International\/32-nouvelles-remissions-6-nouveaux-cas-confirmes-a-marrakech-safi-drs\/","title":{"rendered":"32 nouvelles r\u00e9missions, 6 nouveaux cas confirm\u00e9s \u00e0 Marrakech-Safi (DRS)"},"content":{"rendered":"<div readability=\"35\">\n<p>Marrakech \u2013 Trente-deux (32) nouvelles r\u00e9missions ont \u00e9t\u00e9 signal\u00e9es au niveau de la r\u00e9gion Marrakech-Safi, portant \u00e0 1.093 le nombre total des personnes d\u00e9clar\u00e9es d\u00e9finitivement gu\u00e9ries dans la r\u00e9gion jusqu\u2019\u00e0 samedi \u00e0 10H00.<\/p>\n<\/div>\n<div readability=\"71\">\n<p>Tous ces nouveaux cas de gu\u00e9rison ont \u00e9t\u00e9 signal\u00e9s dans la pr\u00e9fecture de Marrakech, fait ressortir un nouveau bilan de la Direction R\u00e9gionale de la Sant\u00e9 (DRS).<\/p>\n<p>Pour ce qui est du total des cas gu\u00e9ris, ils sont r\u00e9partis entre la pr\u00e9fecture de Marrakech (782) et les provinces de Rehamna (231), d\u2019Al Haouz (47), de Chichaoua (23), d\u2019El Kela\u00e2 des Sraghna (04), d\u2019Essaouira (04) et de Safi (02), pr\u00e9cise la m\u00eame source, relevant que le taux de gu\u00e9rison s\u2019\u00e9l\u00e8ve \u00e0 83%.<\/p>\n<p>La m\u00eame source fait \u00e9tat \u00e9galement de 6 nouveaux cas d\u2019infection au Covid-19, portant \u00e0 1.316 le nombre total des contaminations confirm\u00e9es dans la r\u00e9gion depuis le d\u00e9clenchement de la pand\u00e9mie, dont 172 patients sous traitement.<\/p>\n<p>Et la DRS de pr\u00e9ciser que ces cas hospitalis\u00e9s sont r\u00e9partis entre la pr\u00e9fecture de Marrakech (168) et les provinces d\u2019Al Haouz (03) et de Chichaoua (1).<\/p>\n<p>Le nombre des cas exclus apr\u00e8s des r\u00e9sultats n\u00e9gatifs d\u2019analyses effectu\u00e9es au laboratoire a atteint 12.819, alors que celui des d\u00e9c\u00e8s s\u2019\u00e9tablit \u00e0 51, fait savoir la Direction r\u00e9gionale de la Sant\u00e9.<\/p>\n<p>Au niveau national, 43 nouveaux cas d\u2019infection au nouveau coronavirus ont \u00e9t\u00e9 confirm\u00e9s, portant \u00e0 7.375 le nombre total des cas de contamination jusqu\u2019\u00e0 samedi \u00e0 10H00.<\/p>\n<p>Le nombre de cas gu\u00e9ris s\u2019\u00e9l\u00e8ve \u00e0 4.573 avec 196 nouvelles r\u00e9missions, alors que le nombre de d\u00e9c\u00e8s demeure \u00e0 197 cas, selon le minist\u00e8re de la Sant\u00e9.<\/p>\n<\/div>\n<p>Auteur: Meriem IGASS<br \/>\n<a href=\"http:\/\/www.mapmarrakech.ma\/fr\/32-nouvelles-remissions-6-nouveaux-cas-confirmes-a-marrakech-safi-drs\/\">Cliquez ici pour lire l&rsquo;article depuis sa source.<\/a><\/p>\n","protected":false},"excerpt":{"rendered":"<p>Marrakech \u2013 Trente-deux (32) nouvelles r\u00e9missions ont \u00e9t\u00e9 signal\u00e9es au niveau de la r\u00e9gion Marrakech-Safi, portant \u00e0 1.093 le nombre total des personnes d\u00e9clar\u00e9es d\u00e9finitivement gu\u00e9ries dans la r\u00e9gion jusqu\u2019\u00e0 samedi \u00e0 10H00. Tous ces nouveaux cas de gu\u00e9rison ont \u00e9t\u00e9 signal\u00e9s dans la pr\u00e9fecture de Marrakech, fait ressortir un nouveau bilan de la Direction [&hellip;]<\/p>\n","protected":false},"author":1788,"featured_media":0,"comment_status":"closed","ping_status":"closed","sticky":false,"template":"","format":"standard","meta":{"fifu_image_url":"","fifu_image_alt":"","footnotes":""},"categories":[54,76],"tags":[],"class_list":["post-86450","post","type-post","status-publish","format-standard","hentry","category-maroc","category-regions"],"_links":{"self":[{"href":"https:\/\/linitiative.ca\/International\/wp-json\/wp\/v2\/posts\/86450","targetHints":{"allow":["GET"]}}],"collection":[{"href":"https:\/\/linitiative.ca\/International\/wp-json\/wp\/v2\/posts"}],"about":[{"href":"https:\/\/linitiative.ca\/International\/wp-json\/wp\/v2\/types\/post"}],"author":[{"embeddable":true,"href":"https:\/\/linitiative.ca\/International\/wp-json\/wp\/v2\/users\/1788"}],"replies":[{"embeddable":true,"href":"https:\/\/linitiative.ca\/International\/wp-json\/wp\/v2\/comments?post=86450"}],"version-history":[{"count":0,"href":"https:\/\/linitiative.ca\/International\/wp-json\/wp\/v2\/posts\/86450\/revisions"}],"wp:attachment":[{"href":"https:\/\/linitiative.ca\/International\/wp-json\/wp\/v2\/media?parent=86450"}],"wp:term":[{"taxonomy":"category","embeddable":true,"href":"https:\/\/linitiative.ca\/International\/wp-json\/wp\/v2\/categories?post=86450"},{"taxonomy":"post_tag","embeddable":true,"href":"https:\/\/linitiative.ca\/International\/wp-json\/wp\/v2\/tags?post=86450"}],"curies":[{"name":"wp","href":"https:\/\/api.w.org\/{rel}","templated":true}]}}