{"id":86460,"date":"2020-05-23T15:13:14","date_gmt":"2020-05-23T19:13:14","guid":{"rendered":"https:\/\/linitiative.ca\/International\/pros-fenerbahce-slimani-critique-la-gestion-extra-sportive-du-club\/"},"modified":"2020-05-23T15:13:14","modified_gmt":"2020-05-23T19:13:14","slug":"pros-fenerbahce-slimani-critique-la-gestion-extra-sportive-du-club","status":"publish","type":"post","link":"https:\/\/linitiative.ca\/International\/pros-fenerbahce-slimani-critique-la-gestion-extra-sportive-du-club\/","title":{"rendered":"Pros : Fenerbahce : Slimani critique la gestion extra-sportive du club"},"content":{"rendered":"<div readability=\"32\">\n<p>Auteur : <span class=\"time\">samedi 23 mai 2020 13:30<\/span><\/p>\n<\/div>\n<div id=\"post_core\" readability=\"50\">\n<p>Islam Slimani a \u00e9galement \u00e9voqu\u00e9 son avenir et son exp\u00e9rience difficile du c\u00f4t\u00e9 de Fenerbahce lors de la saison 2018\/2019. Auteur de 5 buts en 25 matches TTC avec le club stambouliote, Slimani a \u00e9t\u00e9 confront\u00e9 \u00e0 une gestion extra-sportive incompr\u00e9hensible. Explications.<\/p>\n<p>\u00ab C\u2019\u00e9tait tout sauf du football. Tout se d\u00e9cide dans les coulisses. L\u2019ambiance \u00e9tait malsaine. J\u2019ai d\u00fb endurer beaucoup de choses l\u00e0-bas. Tout a pourtant bien commenc\u00e9 pour moi. Je jouais comme titulaire \u00e0 mes d\u00e9buts mais tout a bascul\u00e9 du jour au lendemain avec l\u2019arriv\u00e9e d\u2019un nouvel entra\u00eeneur qui a d\u00e9cid\u00e9 de nous mettre \u00e0 l\u2019\u00e9cart, moi et (Yassine) Benzia. Une semaine apr\u00e8s son arriv\u00e9e, il nous avait annonc\u00e9 qu\u2019on ne pouvait plus s\u2019entra\u00eener parce qu\u2019on \u00e9tait tous deux sur la liste des joueurs \u00e0 pr\u00eater. On n\u2019en revenait pas. Jusqu\u2019\u00e0 ce jour, on ne sait toujours pas, moi et Benzia, pourquoi on nous a trait\u00e9s de la sorte. Mais il est clair que les raisons sont extra-sportives, parce que si on parle foot, on \u00e9tait les meilleurs \u00bb, a-t-il regrett\u00e9. Une mauvaise passe qu&rsquo;il consid\u00e8re cependant comme \u00ab enrichissante \u00bb.<\/p>\n<p><strong>Publi\u00e9 dans :<\/strong> <span>Fenerbahce : Islam Slimani<\/span><\/p>\n<\/div>\n<p>Auteur:<br \/>\n<a href=\"http:\/\/www.lebuteur.com\/article\/detail?titre=fenerbahce-slimani-critique-la-gestion-extra-sportive-du-club&#038;id=96028&#038;utm_source=feedburner&#038;utm_medium=feed&#038;utm_campaign=Feed%3A+GalerieFArtciles+%28Les+derniers+articles++-+lebuteur.com%29\">Cliquez ici pour lire l&rsquo;article depuis sa source.<\/a><\/p>\n","protected":false},"excerpt":{"rendered":"<p>Auteur : samedi 23 mai 2020 13:30 Islam Slimani a \u00e9galement \u00e9voqu\u00e9 son avenir et son exp\u00e9rience difficile du c\u00f4t\u00e9 de Fenerbahce lors de la saison 2018\/2019. Auteur de 5 buts en 25 matches TTC avec le club stambouliote, Slimani a \u00e9t\u00e9 confront\u00e9 \u00e0 une gestion extra-sportive incompr\u00e9hensible. Explications. \u00ab C\u2019\u00e9tait tout sauf du football. [&hellip;]<\/p>\n","protected":false},"author":1738,"featured_media":86461,"comment_status":"closed","ping_status":"closed","sticky":false,"template":"","format":"standard","meta":{"fifu_image_url":"","fifu_image_alt":"","footnotes":""},"categories":[53,75],"tags":[],"class_list":["post-86460","post","type-post","status-publish","format-standard","has-post-thumbnail","hentry","category-algerie","category-sport"],"_links":{"self":[{"href":"https:\/\/linitiative.ca\/International\/wp-json\/wp\/v2\/posts\/86460","targetHints":{"allow":["GET"]}}],"collection":[{"href":"https:\/\/linitiative.ca\/International\/wp-json\/wp\/v2\/posts"}],"about":[{"href":"https:\/\/linitiative.ca\/International\/wp-json\/wp\/v2\/types\/post"}],"author":[{"embeddable":true,"href":"https:\/\/linitiative.ca\/International\/wp-json\/wp\/v2\/users\/1738"}],"replies":[{"embeddable":true,"href":"https:\/\/linitiative.ca\/International\/wp-json\/wp\/v2\/comments?post=86460"}],"version-history":[{"count":0,"href":"https:\/\/linitiative.ca\/International\/wp-json\/wp\/v2\/posts\/86460\/revisions"}],"wp:featuredmedia":[{"embeddable":true,"href":"https:\/\/linitiative.ca\/International\/wp-json\/"}],"wp:attachment":[{"href":"https:\/\/linitiative.ca\/International\/wp-json\/wp\/v2\/media?parent=86460"}],"wp:term":[{"taxonomy":"category","embeddable":true,"href":"https:\/\/linitiative.ca\/International\/wp-json\/wp\/v2\/categories?post=86460"},{"taxonomy":"post_tag","embeddable":true,"href":"https:\/\/linitiative.ca\/International\/wp-json\/wp\/v2\/tags?post=86460"}],"curies":[{"name":"wp","href":"https:\/\/api.w.org\/{rel}","templated":true}]}}