{"id":86465,"date":"2020-05-23T15:13:19","date_gmt":"2020-05-23T19:13:19","guid":{"rendered":"https:\/\/linitiative.ca\/International\/pros-bundesliga-mauvaise-operation-pour-bensebaini-et-mgladbach-face-a-leverkusen\/"},"modified":"2020-05-23T15:13:19","modified_gmt":"2020-05-23T19:13:19","slug":"pros-bundesliga-mauvaise-operation-pour-bensebaini-et-mgladbach-face-a-leverkusen","status":"publish","type":"post","link":"https:\/\/linitiative.ca\/International\/pros-bundesliga-mauvaise-operation-pour-bensebaini-et-mgladbach-face-a-leverkusen\/","title":{"rendered":"Pros : Bundesliga : Mauvaise op\u00e9ration pour Bensebaini et M&rsquo;gladbach face \u00e0 Leverkusen"},"content":{"rendered":"<div readability=\"32\">\n<p>Auteur : <span class=\"time\">samedi 23 mai 2020 18:40<\/span><\/p>\n<\/div>\n<div id=\"post_core\" readability=\"48\">\n<p>Apr\u00e8s le carton 4-0 du Hertha contre l\u2019Union lors du derby de Berlin vendredi soir en ouverture de la 27e\u00a0journ\u00e9e de Bundesliga, le Bayer Leverkusen a frapp\u00e9 un gros coup sur le terrain de M\u00f6nchengladbach (1-3) ce samedi apr\u00e8s-midi. Gr\u00e2ce \u00e0 ce succ\u00e8s, le Bayer double son adversaire du jour et prend provisoirement la 3e\u00a0place comme l&rsquo;indique Sport24. Bensebaini et ses co\u00e9quipiers se retrouvent donc 4e.<\/p>\n<p>Auteur d\u2019un doubl\u00e9, Havertz est l\u2019un des grands artisans de cette pr\u00e9cieuse victoire du Bayer. C\u2019est lui qui a ouvert le score d\u00e8s la 7e\u00a0minute avant que Marcus Thuram \u00e9galise pour les locaux apr\u00e8s la pause (52e) gr\u00e2ce \u00e0 une passe d\u00e9cisive de son compatriote fran\u00e7ais Pl\u00e9a. Le capitaine allemand de Leverkusen a permis \u00e0 son \u00e9quipe de repasser devant en doublant la mise seulement 6 minutes plus tard (1-2, 58e). Et enfin, Bender s\u2019est charg\u00e9 d\u2019ent\u00e9riner la victoire des siens en fin de rencontre (1-3, 81e).<\/p>\n<p><strong>Publi\u00e9 dans :<\/strong> <span>Bensebaini<\/span><\/p>\n<\/div>\n<p>Auteur:<br \/>\n<a href=\"http:\/\/www.lebuteur.com\/article\/detail?titre=bundesliga-mauvaise-operation-pour-bensebaini-et-mgladbach-face-a-leverkusen&#038;id=96031&#038;utm_source=feedburner&#038;utm_medium=feed&#038;utm_campaign=Feed%3A+GalerieFArtciles+%28Les+derniers+articles++-+lebuteur.com%29\">Cliquez ici pour lire l&rsquo;article depuis sa source.<\/a><\/p>\n","protected":false},"excerpt":{"rendered":"<p>Auteur : samedi 23 mai 2020 18:40 Apr\u00e8s le carton 4-0 du Hertha contre l\u2019Union lors du derby de Berlin vendredi soir en ouverture de la 27e\u00a0journ\u00e9e de Bundesliga, le Bayer Leverkusen a frapp\u00e9 un gros coup sur le terrain de M\u00f6nchengladbach (1-3) ce samedi apr\u00e8s-midi. Gr\u00e2ce \u00e0 ce succ\u00e8s, le Bayer double son adversaire [&hellip;]<\/p>\n","protected":false},"author":1738,"featured_media":86466,"comment_status":"closed","ping_status":"closed","sticky":false,"template":"","format":"standard","meta":{"fifu_image_url":"","fifu_image_alt":"","footnotes":""},"categories":[53,75],"tags":[],"class_list":["post-86465","post","type-post","status-publish","format-standard","has-post-thumbnail","hentry","category-algerie","category-sport"],"_links":{"self":[{"href":"https:\/\/linitiative.ca\/International\/wp-json\/wp\/v2\/posts\/86465","targetHints":{"allow":["GET"]}}],"collection":[{"href":"https:\/\/linitiative.ca\/International\/wp-json\/wp\/v2\/posts"}],"about":[{"href":"https:\/\/linitiative.ca\/International\/wp-json\/wp\/v2\/types\/post"}],"author":[{"embeddable":true,"href":"https:\/\/linitiative.ca\/International\/wp-json\/wp\/v2\/users\/1738"}],"replies":[{"embeddable":true,"href":"https:\/\/linitiative.ca\/International\/wp-json\/wp\/v2\/comments?post=86465"}],"version-history":[{"count":0,"href":"https:\/\/linitiative.ca\/International\/wp-json\/wp\/v2\/posts\/86465\/revisions"}],"wp:featuredmedia":[{"embeddable":true,"href":"https:\/\/linitiative.ca\/International\/wp-json\/"}],"wp:attachment":[{"href":"https:\/\/linitiative.ca\/International\/wp-json\/wp\/v2\/media?parent=86465"}],"wp:term":[{"taxonomy":"category","embeddable":true,"href":"https:\/\/linitiative.ca\/International\/wp-json\/wp\/v2\/categories?post=86465"},{"taxonomy":"post_tag","embeddable":true,"href":"https:\/\/linitiative.ca\/International\/wp-json\/wp\/v2\/tags?post=86465"}],"curies":[{"name":"wp","href":"https:\/\/api.w.org\/{rel}","templated":true}]}}