{"id":86467,"date":"2020-05-22T16:20:00","date_gmt":"2020-05-22T20:20:00","guid":{"rendered":"https:\/\/linitiative.ca\/International\/laid-el-fitr-celebre-dimanche-en-algerie\/"},"modified":"2020-05-22T16:20:00","modified_gmt":"2020-05-22T20:20:00","slug":"laid-el-fitr-celebre-dimanche-en-algerie","status":"publish","type":"post","link":"https:\/\/linitiative.ca\/International\/laid-el-fitr-celebre-dimanche-en-algerie\/","title":{"rendered":"L\u2019A\u00efd El Fitr c\u00e9l\u00e9br\u00e9 dimanche en Alg\u00e9rie"},"content":{"rendered":"<p>\u00a0,<\/p>\n<p>L\u2019annonce a \u00e9t\u00e9 faite \u00e0 l\u2019issue de la c\u00e9r\u00e9monie de \u00ab nuit du doute \u00bb organis\u00e9e \u00e0 Dar El Imam \u00e0 Alger , par Commission nationale de l\u2019observation du croissant lunaire, du fait que le\u00a0croissant\u00a0de lune n&rsquo;a pas \u00e9t\u00e9 observ\u00e9 vendredi soir. La f\u00eate de l\u2019A\u00efd El Fitr sera \u00e9galement c\u00e9l\u00e9br\u00e9e dimanche dans la majorit\u00e9 des pays arabes et musulmans notamment l\u2019Arabie saoudite, l\u2019\u00c9gypte, la France , \u00a0aux Emirats arabes unis, \u00a0la Tunisie, l\u2019Irak, le Qatar, le Y\u00e9men, les \u00c9mirats arabes unis, le Liban, la Palestine. A cette occasion, l\u2019\u00e9quipe d\u2019El Moudjahid souhaite \u00e0 ses lecteurs , bonne f\u00eate de l\u2019A\u00efd.<\/p>\n<p><strong>Neila B\/ R\u00e9daction Web\u00a0<\/strong><\/p>\n<p>Auteur: elmoudjahid<br \/>\n<a href=\"http:\/\/www.elmoudjahid.com\/fr\/actualites\/153783\">Cliquez ici pour lire l&rsquo;article depuis sa source.<\/a><\/p>\n","protected":false},"excerpt":{"rendered":"<p>\u00a0, L\u2019annonce a \u00e9t\u00e9 faite \u00e0 l\u2019issue de la c\u00e9r\u00e9monie de \u00ab nuit du doute \u00bb organis\u00e9e \u00e0 Dar El Imam \u00e0 Alger , par Commission nationale de l\u2019observation du croissant lunaire, du fait que le\u00a0croissant\u00a0de lune n&rsquo;a pas \u00e9t\u00e9 observ\u00e9 vendredi soir. La f\u00eate de l\u2019A\u00efd El Fitr sera \u00e9galement c\u00e9l\u00e9br\u00e9e dimanche dans la [&hellip;]<\/p>\n","protected":false},"author":1744,"featured_media":0,"comment_status":"closed","ping_status":"closed","sticky":false,"template":"","format":"standard","meta":{"fifu_image_url":"","fifu_image_alt":"","footnotes":""},"categories":[73,53],"tags":[],"class_list":["post-86467","post","type-post","status-publish","format-standard","hentry","category-actualite","category-algerie"],"_links":{"self":[{"href":"https:\/\/linitiative.ca\/International\/wp-json\/wp\/v2\/posts\/86467","targetHints":{"allow":["GET"]}}],"collection":[{"href":"https:\/\/linitiative.ca\/International\/wp-json\/wp\/v2\/posts"}],"about":[{"href":"https:\/\/linitiative.ca\/International\/wp-json\/wp\/v2\/types\/post"}],"author":[{"embeddable":true,"href":"https:\/\/linitiative.ca\/International\/wp-json\/wp\/v2\/users\/1744"}],"replies":[{"embeddable":true,"href":"https:\/\/linitiative.ca\/International\/wp-json\/wp\/v2\/comments?post=86467"}],"version-history":[{"count":0,"href":"https:\/\/linitiative.ca\/International\/wp-json\/wp\/v2\/posts\/86467\/revisions"}],"wp:attachment":[{"href":"https:\/\/linitiative.ca\/International\/wp-json\/wp\/v2\/media?parent=86467"}],"wp:term":[{"taxonomy":"category","embeddable":true,"href":"https:\/\/linitiative.ca\/International\/wp-json\/wp\/v2\/categories?post=86467"},{"taxonomy":"post_tag","embeddable":true,"href":"https:\/\/linitiative.ca\/International\/wp-json\/wp\/v2\/tags?post=86467"}],"curies":[{"name":"wp","href":"https:\/\/api.w.org\/{rel}","templated":true}]}}