{"id":86468,"date":"2020-05-23T08:50:00","date_gmt":"2020-05-23T12:50:00","guid":{"rendered":"https:\/\/linitiative.ca\/International\/le-president-tebboune-sadressera-a-la-nation-dans-un-discours-televisuel-ce-samedi-soir-a-21h00\/"},"modified":"2020-05-23T08:50:00","modified_gmt":"2020-05-23T12:50:00","slug":"le-president-tebboune-sadressera-a-la-nation-dans-un-discours-televisuel-ce-samedi-soir-a-21h00","status":"publish","type":"post","link":"https:\/\/linitiative.ca\/International\/le-president-tebboune-sadressera-a-la-nation-dans-un-discours-televisuel-ce-samedi-soir-a-21h00\/","title":{"rendered":"Le pr\u00e9sident Tebboune s&rsquo;adressera \u00e0 la nation dans un discours t\u00e9l\u00e9visuel ce Samedi soir \u00e0 21h00"},"content":{"rendered":"<p><span class=\"c6\">Le pr\u00e9sident<\/span><span class=\"c7\">\u00a0 de la r\u00e9publique , Abdelmadjid\u00a0<\/span><span class=\"c6\">Tebboune<\/span><span class=\"c7\">\u00a0va s&rsquo;adresser \u00e0 la Nation , dans un\u00a0<\/span><span class=\"c6\">discours<\/span><span class=\"c7\">\u00a0qui sera diffus\u00e9\u00a0 samedi \u00e0 21h , a annonc\u00e9 la Pr\u00e9sidence de la r\u00e9publique, dans un communiqu\u00e9.Le discours sera diffus\u00e9 par la t\u00e9l\u00e9vision natioanle .<\/span><\/p>\n<p>R\u00e9daction Web\u00a0<\/p>\n<p>Auteur: elmoudjahid<br \/>\n<a href=\"http:\/\/www.elmoudjahid.com\/fr\/actualites\/153784\">Cliquez ici pour lire l&rsquo;article depuis sa source.<\/a><\/p>\n","protected":false},"excerpt":{"rendered":"<p>Le pr\u00e9sident\u00a0 de la r\u00e9publique , Abdelmadjid\u00a0Tebboune\u00a0va s&rsquo;adresser \u00e0 la Nation , dans un\u00a0discours\u00a0qui sera diffus\u00e9\u00a0 samedi \u00e0 21h , a annonc\u00e9 la Pr\u00e9sidence de la r\u00e9publique, dans un communiqu\u00e9.Le discours sera diffus\u00e9 par la t\u00e9l\u00e9vision natioanle . R\u00e9daction Web\u00a0 Auteur: elmoudjahid Cliquez ici pour lire l&rsquo;article depuis sa source.<\/p>\n","protected":false},"author":1744,"featured_media":0,"comment_status":"closed","ping_status":"closed","sticky":false,"template":"","format":"standard","meta":{"fifu_image_url":"","fifu_image_alt":"","footnotes":""},"categories":[73,53],"tags":[],"class_list":["post-86468","post","type-post","status-publish","format-standard","hentry","category-actualite","category-algerie"],"_links":{"self":[{"href":"https:\/\/linitiative.ca\/International\/wp-json\/wp\/v2\/posts\/86468","targetHints":{"allow":["GET"]}}],"collection":[{"href":"https:\/\/linitiative.ca\/International\/wp-json\/wp\/v2\/posts"}],"about":[{"href":"https:\/\/linitiative.ca\/International\/wp-json\/wp\/v2\/types\/post"}],"author":[{"embeddable":true,"href":"https:\/\/linitiative.ca\/International\/wp-json\/wp\/v2\/users\/1744"}],"replies":[{"embeddable":true,"href":"https:\/\/linitiative.ca\/International\/wp-json\/wp\/v2\/comments?post=86468"}],"version-history":[{"count":0,"href":"https:\/\/linitiative.ca\/International\/wp-json\/wp\/v2\/posts\/86468\/revisions"}],"wp:attachment":[{"href":"https:\/\/linitiative.ca\/International\/wp-json\/wp\/v2\/media?parent=86468"}],"wp:term":[{"taxonomy":"category","embeddable":true,"href":"https:\/\/linitiative.ca\/International\/wp-json\/wp\/v2\/categories?post=86468"},{"taxonomy":"post_tag","embeddable":true,"href":"https:\/\/linitiative.ca\/International\/wp-json\/wp\/v2\/tags?post=86468"}],"curies":[{"name":"wp","href":"https:\/\/api.w.org\/{rel}","templated":true}]}}