{"id":86469,"date":"2020-05-23T07:30:00","date_gmt":"2020-05-23T11:30:00","guid":{"rendered":"https:\/\/linitiative.ca\/International\/lutte-contre-la-pandemie-du-coronavirus-chanegriha-salue-efforts-incommensurables-consentis-par-lensemble-des-composantes-de-lanp\/"},"modified":"2020-05-23T07:30:00","modified_gmt":"2020-05-23T11:30:00","slug":"lutte-contre-la-pandemie-du-coronavirus-chanegriha-salue-efforts-incommensurables-consentis-par-lensemble-des-composantes-de-lanp","status":"publish","type":"post","link":"https:\/\/linitiative.ca\/International\/lutte-contre-la-pandemie-du-coronavirus-chanegriha-salue-efforts-incommensurables-consentis-par-lensemble-des-composantes-de-lanp\/","title":{"rendered":"Lutte contre la pand\u00e9mie du Coronavirus : Chanegriha salue efforts incommensurables consentis par l\u2019ensemble des composantes de l\u2019ANP"},"content":{"rendered":"<p>.Dans un message de v\u0153ux \u00e0 l\u2019ensemble des Officiers, Sous-officiers, Hommes du Rang et Personnels Civils de l\u2019ANP , \u00e0 l\u2019occasion de la c\u00e9l\u00e9bration de A\u00efd el Fitr , le chef d\u2019Etat-major de l\u2019ANP , par int\u00e9rim , \u00a0a soutenu que \u00ab\u00a0C\u2019est l\u00e0 une noble mission parmi tant d\u2019autres, dont nous nous acquittons, comme d\u2019accoutum\u00e9e, avec honneur et d\u2019une mani\u00e8re exemplaire, tel que le d\u00e9montrent les r\u00e9sultats positifs que notre Arm\u00e9e n\u2019a cess\u00e9 d\u2019enregistrer sur tous les plans et dans tous les domaines\u00a0\u00bb et de poursuivre \u00ab\u00a0 Ceci nous incite en tant que militaires, chacun dans son domaine d\u2019activit\u00e9 et dans la limite de ses pr\u00e9rogatives, \u00e0 consentir davantage d&rsquo;efforts d\u00e9vou\u00e9s afin de poursuivre la voie du d\u00e9veloppement et de la modernisation de nos Forces Arm\u00e9es, pour \u00eatre \u00e0 la hauteur de la grandeur des missions constitutionnelles ,qui leur sont assign\u00e9es\u00a0\u00bb, lit-on dans le message .\u00a0 A la m\u00eame occasion, le G\u00e9n\u00e9ral major Chanegriha a tenu \u00e0 rappeler \u00e0 ses troupes\u00a0\u00bb l\u2019imp\u00e9ratif de se conformer \u00e0 toutes les instructions relatives \u00e0 la pr\u00e9vention contre ce virus, de veiller \u00e0 \u00e9lever en permanence le degr\u00e9 de vigilance et de consentir davantage d\u2019efforts, \u00e0 l\u2019effet de permettre \u00e0 notre vaillant peuple, de c\u00e9l\u00e9brer cette f\u00eate religieuse b\u00e9nie, dans un climat empreint de s\u00e9r\u00e9nit\u00e9 et de qui\u00e9tude, et dans la s\u00e9curit\u00e9 et la stabilit\u00e9\u00a0\u00bb. Tout en r\u00e9it\u00e9rant ses v\u0153ux les plus sinc\u00e8res \u00e0 l\u2019occasion de la c\u00e9l\u00e9bration de l\u2019A\u00efd el Fitr,\u00a0\u00ab\u00a0je prie Allah le Tout-Puissant pour qu\u2019Il pr\u00e9munisse notre pays de cette pand\u00e9mie tout en f\u00e9licitant l\u2019ensemble des personnels de l\u2019ANP , digne h\u00e9riti\u00e8re de l\u2019Arm\u00e9e de Lib\u00e9ration Nationale, Officiers, Sous-officiers, Hommes du Rang et Civils, ainsi qu\u2019\u00e0 leurs familles et proches.<\/p>\n<p>Neila B\/ R\u00e9daction Web<\/p>\n<p>Auteur: elmoudjahid<br \/>\n<a href=\"http:\/\/www.elmoudjahid.com\/fr\/actualites\/153785\">Cliquez ici pour lire l&rsquo;article depuis sa source.<\/a><\/p>\n","protected":false},"excerpt":{"rendered":"<p>.Dans un message de v\u0153ux \u00e0 l\u2019ensemble des Officiers, Sous-officiers, Hommes du Rang et Personnels Civils de l\u2019ANP , \u00e0 l\u2019occasion de la c\u00e9l\u00e9bration de A\u00efd el Fitr , le chef d\u2019Etat-major de l\u2019ANP , par int\u00e9rim , \u00a0a soutenu que \u00ab\u00a0C\u2019est l\u00e0 une noble mission parmi tant d\u2019autres, dont nous nous acquittons, comme d\u2019accoutum\u00e9e, [&hellip;]<\/p>\n","protected":false},"author":1744,"featured_media":0,"comment_status":"closed","ping_status":"closed","sticky":false,"template":"","format":"standard","meta":{"fifu_image_url":"","fifu_image_alt":"","footnotes":""},"categories":[73,53],"tags":[],"class_list":["post-86469","post","type-post","status-publish","format-standard","hentry","category-actualite","category-algerie"],"_links":{"self":[{"href":"https:\/\/linitiative.ca\/International\/wp-json\/wp\/v2\/posts\/86469","targetHints":{"allow":["GET"]}}],"collection":[{"href":"https:\/\/linitiative.ca\/International\/wp-json\/wp\/v2\/posts"}],"about":[{"href":"https:\/\/linitiative.ca\/International\/wp-json\/wp\/v2\/types\/post"}],"author":[{"embeddable":true,"href":"https:\/\/linitiative.ca\/International\/wp-json\/wp\/v2\/users\/1744"}],"replies":[{"embeddable":true,"href":"https:\/\/linitiative.ca\/International\/wp-json\/wp\/v2\/comments?post=86469"}],"version-history":[{"count":0,"href":"https:\/\/linitiative.ca\/International\/wp-json\/wp\/v2\/posts\/86469\/revisions"}],"wp:attachment":[{"href":"https:\/\/linitiative.ca\/International\/wp-json\/wp\/v2\/media?parent=86469"}],"wp:term":[{"taxonomy":"category","embeddable":true,"href":"https:\/\/linitiative.ca\/International\/wp-json\/wp\/v2\/categories?post=86469"},{"taxonomy":"post_tag","embeddable":true,"href":"https:\/\/linitiative.ca\/International\/wp-json\/wp\/v2\/tags?post=86469"}],"curies":[{"name":"wp","href":"https:\/\/api.w.org\/{rel}","templated":true}]}}