{"id":86470,"date":"2020-05-23T09:30:00","date_gmt":"2020-05-23T13:30:00","guid":{"rendered":"https:\/\/linitiative.ca\/International\/lutte-contre-la-pandemie-du-coronavirus-belhimer-felicite-a-la-corporation-des-medias-pour-les-efforts-consentis\/"},"modified":"2020-05-23T09:30:00","modified_gmt":"2020-05-23T13:30:00","slug":"lutte-contre-la-pandemie-du-coronavirus-belhimer-felicite-a-la-corporation-des-medias-pour-les-efforts-consentis","status":"publish","type":"post","link":"https:\/\/linitiative.ca\/International\/lutte-contre-la-pandemie-du-coronavirus-belhimer-felicite-a-la-corporation-des-medias-pour-les-efforts-consentis\/","title":{"rendered":"Lutte contre la Pand\u00e9mie du Coronavirus : Belhimer f\u00e9licite \u00e0 la corporation des m\u00e9dias pour les efforts consentis"},"content":{"rendered":"<p>Le ministre de la Communication, porte-parole du gouvernement, Amar Belhimer, a f\u00e9licit\u00e9 Samedi, l\u2019ensemble des cadres et fonctionnaires du minist\u00e8re, \u00e0 l\u2019occasion de la c\u00e9l\u00e9bration de la f\u00eate de l\u2019A\u00efd El Fitr. Dans un message de f\u00e9licitations, M. Belhimer a salu\u00e9 l\u2019ensemble des fonctionnaires des m\u00e9dias pour les efforts consentis, dans l\u2019accomplissement de leur mission de diffusion de l\u2019information durant la crise sanitaire marqu\u00e9e par la pand\u00e9mie du Coronavirus, Tout en r\u00e9it\u00e9rant ses v\u0153ux les plus sinc\u00e8res \u00e0 l\u2019occasion de la c\u00e9l\u00e9bration de l\u2019A\u00efd el Fitr,\u00a0\u00ab\u00a0je prie Allah le Tout-Puissant pour qu\u2019Il pr\u00e9munisse notre pays de cette pand\u00e9mie , tout en appelant \u00e0 davantage de solidarit\u00e9 et de coop\u00e9ration .<\/p>\n<p>Neila B\/ R\u00e9daction Web<\/p>\n<p>Auteur: elmoudjahid<br \/>\n<a href=\"http:\/\/www.elmoudjahid.com\/fr\/actualites\/153786\">Cliquez ici pour lire l&rsquo;article depuis sa source.<\/a><\/p>\n","protected":false},"excerpt":{"rendered":"<p>Le ministre de la Communication, porte-parole du gouvernement, Amar Belhimer, a f\u00e9licit\u00e9 Samedi, l\u2019ensemble des cadres et fonctionnaires du minist\u00e8re, \u00e0 l\u2019occasion de la c\u00e9l\u00e9bration de la f\u00eate de l\u2019A\u00efd El Fitr. Dans un message de f\u00e9licitations, M. Belhimer a salu\u00e9 l\u2019ensemble des fonctionnaires des m\u00e9dias pour les efforts consentis, dans l\u2019accomplissement de leur mission [&hellip;]<\/p>\n","protected":false},"author":1744,"featured_media":0,"comment_status":"closed","ping_status":"closed","sticky":false,"template":"","format":"standard","meta":{"fifu_image_url":"","fifu_image_alt":"","footnotes":""},"categories":[73,53],"tags":[],"class_list":["post-86470","post","type-post","status-publish","format-standard","hentry","category-actualite","category-algerie"],"_links":{"self":[{"href":"https:\/\/linitiative.ca\/International\/wp-json\/wp\/v2\/posts\/86470","targetHints":{"allow":["GET"]}}],"collection":[{"href":"https:\/\/linitiative.ca\/International\/wp-json\/wp\/v2\/posts"}],"about":[{"href":"https:\/\/linitiative.ca\/International\/wp-json\/wp\/v2\/types\/post"}],"author":[{"embeddable":true,"href":"https:\/\/linitiative.ca\/International\/wp-json\/wp\/v2\/users\/1744"}],"replies":[{"embeddable":true,"href":"https:\/\/linitiative.ca\/International\/wp-json\/wp\/v2\/comments?post=86470"}],"version-history":[{"count":0,"href":"https:\/\/linitiative.ca\/International\/wp-json\/wp\/v2\/posts\/86470\/revisions"}],"wp:attachment":[{"href":"https:\/\/linitiative.ca\/International\/wp-json\/wp\/v2\/media?parent=86470"}],"wp:term":[{"taxonomy":"category","embeddable":true,"href":"https:\/\/linitiative.ca\/International\/wp-json\/wp\/v2\/categories?post=86470"},{"taxonomy":"post_tag","embeddable":true,"href":"https:\/\/linitiative.ca\/International\/wp-json\/wp\/v2\/tags?post=86470"}],"curies":[{"name":"wp","href":"https:\/\/api.w.org\/{rel}","templated":true}]}}