{"id":86471,"date":"2020-05-23T11:14:18","date_gmt":"2020-05-23T15:14:18","guid":{"rendered":"https:\/\/linitiative.ca\/International\/105374-hand-mco-pour-un-changement-du-systeme-de-competition-des-2-premiers-paliers\/"},"modified":"2020-05-23T11:14:18","modified_gmt":"2020-05-23T15:14:18","slug":"105374-hand-mco-pour-un-changement-du-systeme-de-competition-des-2-premiers-paliers","status":"publish","type":"post","link":"https:\/\/linitiative.ca\/International\/105374-hand-mco-pour-un-changement-du-systeme-de-competition-des-2-premiers-paliers\/","title":{"rendered":"Hand-MCO: pour un changement du syst\u00e8me de comp\u00e9tition des 2 premiers paliers"},"content":{"rendered":"<div readability=\"37\">\n<p><strong>ORAN &#8211; Le MC Oran, qui a de fortes chances d\u2019acc\u00e9der en Excellence de handball apr\u00e8s avoir termin\u00e9 la premi\u00e8re phase du championnat de Nationale 1 en t\u00eate de sa poule, plaide pour un changement du syst\u00e8me de comp\u00e9tition dans les deux premiers paliers, a indiqu\u00e9 samedi son entra\u00eeneur.<\/strong><\/p>\n<\/div>\n<div readability=\"85\">\n<p>\u00ab\u00a0L&rsquo;arr\u00eat actuel des activit\u00e9s sportives en raison de la crise sanitaire qui secoue le pays, devrait \u00eatre mis \u00e0 profit pour r\u00e9fl\u00e9chir sur un \u00e9ventuel changement du syst\u00e8me de la comp\u00e9tition, notamment au niveau des deux premiers paliers\u00a0\u00bb, a d\u00e9clar\u00e9 \u00e0 l\u2019APS, Sid Ahmed Tab.\u00a0 Selon ce technicien, qui occupe \u00e9galement le poste de tr\u00e9sorier du club sportif amateur (CSA) de la formation phare de la capitale de l\u2019Ouest, \u00ab\u00a0la r\u00e9partition des clubs sur deux groupes Centre-Ouest et Centre-Est permettrait de diminuer leurs d\u00e9penses\u00a0\u00bb.<\/p>\n<p>\u00ab\u00a0Les longs voyages effectu\u00e9s par les clubs de l\u2019Ouest par exemple vers l\u2019Est du pays co\u00fbtent tr\u00e8s cher, rendant tr\u00e8s difficile la mission des dirigeants d\u00e9j\u00e0 confront\u00e9s \u00e0 d\u2019interminables probl\u00e8mes financiers\u00a0\u00bb, a-t-il expliqu\u00e9.<\/p>\n<p>Il a estim\u00e9, en outre, plus que jamais n\u00e9cessaire de prendre en charge ce volet par la F\u00e9d\u00e9ration alg\u00e9rienne de la discipline, \u00ab\u00a0surtout que la situation \u00e9conomique difficile que connait le pays va avoir davantage de r\u00e9percussions n\u00e9gatives sur le sport alg\u00e9rien\u00a0\u00bb.<\/p>\n<p>Le technicien oranais a poursuivi qu\u2019avec la r\u00e9duction des charges des clubs de handball, ces derniers auront de meilleures possibilit\u00e9s pour s\u2019occuper des cat\u00e9gories jeunes et accorder par la m\u00eame l\u2019int\u00e9r\u00eat voulu \u00e0 la formation \u00ab\u00a0condition sine qua non pour relancer la petite balle alg\u00e9rienne qui a \u00e9norm\u00e9ment r\u00e9gress\u00e9 depuis plusieurs ann\u00e9es\u00a0\u00bb, a-t-il conseill\u00e9.<\/p>\n<p>Evoquant la situation actuelle du MCO, jadis fiert\u00e9 du handball alg\u00e9rien avant de perdre beaucoup de son brio, Sid Ahmed Tab s\u2019est f\u00e9licit\u00e9 de \u00ab\u00a0la sensible am\u00e9lioration qu\u2019a connu le club cette saison sur le plan financier\u00a0\u00bb.<\/p>\n<blockquote readability=\"9\">\n<p><em><strong>\u00ab\u00a0Cela a permis de payer r\u00e9guli\u00e8rement les salaires des joueurs, ce qui s\u2019est r\u00e9percut\u00e9 positivement sur leur parcours comme l\u2019atteste cette place de leader de leur poule Ouest qu\u2019ils ont d\u00e9croch\u00e9e \u00e0 l\u2019issue de la premi\u00e8re partie du championnat\u00a0\u00bb, s\u2019est-il r\u00e9joui.<\/strong><\/em><\/p>\n<\/blockquote>\n<p>Evidemment, les \u00ab\u00a0Hamraoua\u00a0\u00bb esp\u00e8rent que les efforts d\u00e9ploy\u00e9s pour r\u00e9ussir ce parcours soient r\u00e9compens\u00e9s par la mont\u00e9e en Excellence, d&rsquo;o\u00f9 leur crainte d\u2019une \u00e9ventuelle saison blanche que pourraient d\u00e9cr\u00e9ter les responsables de la discipline en raison du prolongement du gel des activit\u00e9s sportives, a fait savoir leur entraineur.<\/p>\n<p>Le MCO devait disputer les \u00ab\u00a0Play-offs\u00a0\u00bb avec les leaders des deux autres groupes Centre et Est, ainsi que leurs dauphins respectifs, pour d\u00e9crocher l\u2019un des deux billets donnant acc\u00e8s \u00e0 l\u2019Excellence, rappelle-t-on.<\/p>\n<\/div>\n<p>Auteur:<br \/>\n<a href=\"http:\/\/www.aps.dz\/sport\/105374-hand-mco-pour-un-changement-du-systeme-de-competition-des-2-premiers-paliers?utm_source=feedburner&#038;utm_medium=feed&#038;utm_campaign=Feed%3A+aps-sport+%28APS+-+SPORT%29\">Cliquez ici pour lire l&rsquo;article depuis sa source.<\/a><\/p>\n","protected":false},"excerpt":{"rendered":"<p>ORAN &#8211; Le MC Oran, qui a de fortes chances d\u2019acc\u00e9der en Excellence de handball apr\u00e8s avoir termin\u00e9 la premi\u00e8re phase du championnat de Nationale 1 en t\u00eate de sa poule, plaide pour un changement du syst\u00e8me de comp\u00e9tition dans les deux premiers paliers, a indiqu\u00e9 samedi son entra\u00eeneur. \u00ab\u00a0L&rsquo;arr\u00eat actuel des activit\u00e9s sportives en [&hellip;]<\/p>\n","protected":false},"author":1790,"featured_media":0,"comment_status":"closed","ping_status":"closed","sticky":false,"template":"","format":"standard","meta":{"fifu_image_url":"","fifu_image_alt":"","footnotes":""},"categories":[53,75],"tags":[],"class_list":["post-86471","post","type-post","status-publish","format-standard","hentry","category-algerie","category-sport"],"_links":{"self":[{"href":"https:\/\/linitiative.ca\/International\/wp-json\/wp\/v2\/posts\/86471","targetHints":{"allow":["GET"]}}],"collection":[{"href":"https:\/\/linitiative.ca\/International\/wp-json\/wp\/v2\/posts"}],"about":[{"href":"https:\/\/linitiative.ca\/International\/wp-json\/wp\/v2\/types\/post"}],"author":[{"embeddable":true,"href":"https:\/\/linitiative.ca\/International\/wp-json\/wp\/v2\/users\/1790"}],"replies":[{"embeddable":true,"href":"https:\/\/linitiative.ca\/International\/wp-json\/wp\/v2\/comments?post=86471"}],"version-history":[{"count":0,"href":"https:\/\/linitiative.ca\/International\/wp-json\/wp\/v2\/posts\/86471\/revisions"}],"wp:attachment":[{"href":"https:\/\/linitiative.ca\/International\/wp-json\/wp\/v2\/media?parent=86471"}],"wp:term":[{"taxonomy":"category","embeddable":true,"href":"https:\/\/linitiative.ca\/International\/wp-json\/wp\/v2\/categories?post=86471"},{"taxonomy":"post_tag","embeddable":true,"href":"https:\/\/linitiative.ca\/International\/wp-json\/wp\/v2\/tags?post=86471"}],"curies":[{"name":"wp","href":"https:\/\/api.w.org\/{rel}","templated":true}]}}