{"id":86474,"date":"2020-05-23T05:48:00","date_gmt":"2020-05-23T09:48:00","guid":{"rendered":"https:\/\/linitiative.ca\/International\/nouvelles-nominations-turki-a-la-cnss-toumi-a-la-cnam-meddouri-a-la-cnrps-et-arous-a-la-securite-sociale-le-pourquoi-de-ce-mouvement\/"},"modified":"2020-05-23T05:48:00","modified_gmt":"2020-05-23T09:48:00","slug":"nouvelles-nominations-turki-a-la-cnss-toumi-a-la-cnam-meddouri-a-la-cnrps-et-arous-a-la-securite-sociale-le-pourquoi-de-ce-mouvement","status":"publish","type":"post","link":"https:\/\/linitiative.ca\/International\/nouvelles-nominations-turki-a-la-cnss-toumi-a-la-cnam-meddouri-a-la-cnrps-et-arous-a-la-securite-sociale-le-pourquoi-de-ce-mouvement\/","title":{"rendered":"Nouvelles nominations &#8211; Turki \u00e0 la CNSS, Toumi \u00e0 la CNAM, Meddouri \u00e0 la CNRPS et Arous \u00e0 la S\u00e9curit\u00e9 sociale : le pourquoi de ce mouvement"},"content":{"rendered":"<p>Une rotation significative vient d\u2019\u00eatre op\u00e9r\u00e9e par le ministre des Affaires sociales, Habib Kechaou, \u00e0 la t\u00eate des trois caisses sociales et d\u2019assurance maladie ainsi que la direction g\u00e9n\u00e9rale de la S\u00e9curit\u00e9 sociale. C\u2019est ainsi que Imed Turki, jusque-l\u00e0 PDG de la CNRPS, la caisse des agents de l\u2019Etat, ira exercer son exp\u00e9rience \u00e0 la CNSS, celle du secteur priv\u00e9, de la p\u00eache, de l\u2019agriculture et du travail ind\u00e9pendant. Il succ\u00e8de dans ses nouvelles fonctions \u00e0 Habib Toumi, nomm\u00e9 \u00e0 la CNAM, post\u00e9 rest\u00e9 vacant.<\/p>\n<p>Pour prendre le relais de Imed Turki \u00e0 la CNRPS, le choix du ministre Kechaou s\u2019est port\u00e9 sur Kamel Meddouri, directeur g\u00e9n\u00e9ral de la S\u00e9curit\u00e9 sociale. Cette trajectoire, habituelle dans un secteur tr\u00e8s technique, avait d\u00e9j\u00e0 vu Sayed Blel, alterner entre les deux postes. Assurant la tutelle des caisses sociales, Meddouri gagne en promotion et aura ainsi l\u2019occasion de mettre la main \u00e0 la p\u00e2te dans la gestion quotidienne. En attendant sa nomination officielle, Sami Arous est charg\u00e9 de la gestion de la direction g\u00e9n\u00e9rale de la S\u00e9curit\u00e9 sociale.<\/p>\n<p>Pour le ministre des Affaires sociales, cette rotation est importante dans la poursuite des r\u00e9formes et de la consolidation indispensables des caisses. Elle imprime une impulsion nouvelle pour faire face aux nouveaux d\u00e9fis qui s\u2019annoncent tr\u00e8s importants et cruciaux. Habib Kechaou ne manque pas de souligner \u00e0 cette occasion la \u2018\u2019haute comp\u00e9tence des quatre grands commis de l\u2019Etat nomm\u00e9s \u00e0 des postes techniques sp\u00e9cifiques d\u00e9licats.\u2019\u2019.\u2019\u2019 Ils sont tous issus du minist\u00e8re des Affaires sociales, de la S\u00e9curit\u00e9 sociale, plus est, et jouissent d\u2019une exp\u00e9rience pr\u00e9cieuse dans le domaine\u2019\u2019, dit-il \u00e0 Leaders. Les trois nouveaux PDG sont dipl\u00f4m\u00e9s du cycle sup\u00e9rieur de l&rsquo;ENA.<br \/>\u00a0<\/p>\n<p>Auteur:<br \/>\n<a href=\"https:\/\/www.leaders.com.tn\/article\/29981-nouvelles-nominations-turki-a-la-cnss-toumi-a-la-cnam-meddouri-a-la-cnrps-et-arous-a-la-securite-sociale-le-pourquoi-de-ce-mouvement\">Cliquez ici pour lire l&rsquo;article depuis sa source.<\/a><\/p>\n","protected":false},"excerpt":{"rendered":"<p>Une rotation significative vient d\u2019\u00eatre op\u00e9r\u00e9e par le ministre des Affaires sociales, Habib Kechaou, \u00e0 la t\u00eate des trois caisses sociales et d\u2019assurance maladie ainsi que la direction g\u00e9n\u00e9rale de la S\u00e9curit\u00e9 sociale. C\u2019est ainsi que Imed Turki, jusque-l\u00e0 PDG de la CNRPS, la caisse des agents de l\u2019Etat, ira exercer son exp\u00e9rience \u00e0 la [&hellip;]<\/p>\n","protected":false},"author":1772,"featured_media":0,"comment_status":"closed","ping_status":"closed","sticky":false,"template":"","format":"standard","meta":{"fifu_image_url":"","fifu_image_alt":"","footnotes":""},"categories":[73,55],"tags":[],"class_list":["post-86474","post","type-post","status-publish","format-standard","hentry","category-actualite","category-tunisie"],"_links":{"self":[{"href":"https:\/\/linitiative.ca\/International\/wp-json\/wp\/v2\/posts\/86474","targetHints":{"allow":["GET"]}}],"collection":[{"href":"https:\/\/linitiative.ca\/International\/wp-json\/wp\/v2\/posts"}],"about":[{"href":"https:\/\/linitiative.ca\/International\/wp-json\/wp\/v2\/types\/post"}],"author":[{"embeddable":true,"href":"https:\/\/linitiative.ca\/International\/wp-json\/wp\/v2\/users\/1772"}],"replies":[{"embeddable":true,"href":"https:\/\/linitiative.ca\/International\/wp-json\/wp\/v2\/comments?post=86474"}],"version-history":[{"count":0,"href":"https:\/\/linitiative.ca\/International\/wp-json\/wp\/v2\/posts\/86474\/revisions"}],"wp:attachment":[{"href":"https:\/\/linitiative.ca\/International\/wp-json\/wp\/v2\/media?parent=86474"}],"wp:term":[{"taxonomy":"category","embeddable":true,"href":"https:\/\/linitiative.ca\/International\/wp-json\/wp\/v2\/categories?post=86474"},{"taxonomy":"post_tag","embeddable":true,"href":"https:\/\/linitiative.ca\/International\/wp-json\/wp\/v2\/tags?post=86474"}],"curies":[{"name":"wp","href":"https:\/\/api.w.org\/{rel}","templated":true}]}}