{"id":86475,"date":"2020-05-23T09:15:00","date_gmt":"2020-05-23T13:15:00","guid":{"rendered":"https:\/\/linitiative.ca\/International\/mbarek-khamassi-a-lere-du-covid-19-quid-des-solutions-prevues-pour-nos-pme-deja-en-difficultes\/"},"modified":"2020-05-23T09:15:00","modified_gmt":"2020-05-23T13:15:00","slug":"mbarek-khamassi-a-lere-du-covid-19-quid-des-solutions-prevues-pour-nos-pme-deja-en-difficultes","status":"publish","type":"post","link":"https:\/\/linitiative.ca\/International\/mbarek-khamassi-a-lere-du-covid-19-quid-des-solutions-prevues-pour-nos-pme-deja-en-difficultes\/","title":{"rendered":"Mbarek Khamassi : A l\u2019\u00e8re du Covid-19, Quid des solutions pr\u00e9vues pour nos PME d\u00e9j\u00e0 en difficult\u00e9s ?"},"content":{"rendered":"<p>Avec l\u2019av\u00e8nement du Covid-19, la PME tunisienne qui souffrait d\u00e9j\u00e0 d\u2019un environnement hostile et d\u00e9favorable \u00e0 son d\u00e9veloppement s\u2019est trouv\u00e9e confront\u00e9e \u00e0 une situation in\u00e9dite de r\u00e9cession globale. Dans le pass\u00e9, l\u2019entreprise tunisienne a \u00e9t\u00e9 en butte \u00e0 plusieurs crises de grande envergure auxquelles les pouvoirs publics ont apport\u00e9 des solutions dans l\u2019espoir d\u2019amortir le choc.<\/p>\n<p>Face aux r\u00e9percussions d\u00e9sastreuses du Covid-19 sur le tissu \u00e9conomique, les pouvoirs publics ont d\u00e9cr\u00e9t\u00e9 une batterie de mesures pour soutenir les entreprises affect\u00e9es. L\u2019ad\u00e9quation de ces mesures aux difficult\u00e9s r\u00e9elles de l\u2019entreprise n\u2019est pas tout \u00e0 fait v\u00e9rifi\u00e9e. Des mesures ponctuelles pour r\u00e9animer des PME d\u00e9j\u00e0 en difficult\u00e9s. Peut-on r\u00e9ussir le d\u00e9fi ?<\/p>\n<p>L\u2019enjeu du redressement des entreprises me parait crucial, c\u2019est pourquoi leur renflouement doit \u00eatre per\u00e7u comme \u00e9tant un investissement \u00e0 effet multiplicateur certain et non comme charges de plus ou des fonds perdus. La cr\u00e9ation d\u2019un fonds de restructuration de 300 millions de DT et d\u2019un m\u00e9canisme de garantie des cr\u00e9dits de 100 millions de DT sont \u00e0 mon avis des mesures judicieuses qui visent le renforcement de la solidit\u00e9 financi\u00e8re de la PME. Certes, l\u2019enveloppe de ces fonds\u00a0 est\u00a0 tr\u00e8s limit\u00e9e mais le vrai handicap \u00e0 leur efficacit\u00e9 c\u2019est\u00a0 le droit de veto des banques qui vont exclure toute PME en difficult\u00e9s ou ayant des difficult\u00e9s de paiement. A ce titre, la nouvelle \u00ab commission\u00a0 d\u2019assistance et de soutien des entreprises affect\u00e9es \u00bb doit assumer son r\u00f4le d\u2019arbitrage pour favoriser la reprise d\u2019activit\u00e9 de nos PME dans les meilleures conditions, faute de quoi le recours au cadre l\u00e9gal de redressement judiciaire pourrait constituer alors la solution ultime pour les dirigeants.<\/p>\n<p><a href=\"\/uploads\/FCK_files\/Article%20Quid%20des%20solutions%20VD.pdf\" target=\"_blank\" rel=\"noopener noreferrer\">Lire l&rsquo;article int\u00e9gral<\/a><\/p>\n<p class=\"c2\"><strong>Mbarek Khamassi<\/strong><\/p>\n<p>Auteur:<br \/>\n<a href=\"https:\/\/www.leaders.com.tn\/article\/29982-mbarek-khamassi-a-l-ere-du-covid-19-quid-des-solutions-prevues-pour-nos-pme-deja-en-difficultes\">Cliquez ici pour lire l&rsquo;article depuis sa source.<\/a><\/p>\n","protected":false},"excerpt":{"rendered":"<p>Avec l\u2019av\u00e8nement du Covid-19, la PME tunisienne qui souffrait d\u00e9j\u00e0 d\u2019un environnement hostile et d\u00e9favorable \u00e0 son d\u00e9veloppement s\u2019est trouv\u00e9e confront\u00e9e \u00e0 une situation in\u00e9dite de r\u00e9cession globale. Dans le pass\u00e9, l\u2019entreprise tunisienne a \u00e9t\u00e9 en butte \u00e0 plusieurs crises de grande envergure auxquelles les pouvoirs publics ont apport\u00e9 des solutions dans l\u2019espoir d\u2019amortir le [&hellip;]<\/p>\n","protected":false},"author":1772,"featured_media":0,"comment_status":"closed","ping_status":"closed","sticky":false,"template":"","format":"standard","meta":{"fifu_image_url":"","fifu_image_alt":"","footnotes":""},"categories":[73,55],"tags":[],"class_list":["post-86475","post","type-post","status-publish","format-standard","hentry","category-actualite","category-tunisie"],"_links":{"self":[{"href":"https:\/\/linitiative.ca\/International\/wp-json\/wp\/v2\/posts\/86475","targetHints":{"allow":["GET"]}}],"collection":[{"href":"https:\/\/linitiative.ca\/International\/wp-json\/wp\/v2\/posts"}],"about":[{"href":"https:\/\/linitiative.ca\/International\/wp-json\/wp\/v2\/types\/post"}],"author":[{"embeddable":true,"href":"https:\/\/linitiative.ca\/International\/wp-json\/wp\/v2\/users\/1772"}],"replies":[{"embeddable":true,"href":"https:\/\/linitiative.ca\/International\/wp-json\/wp\/v2\/comments?post=86475"}],"version-history":[{"count":0,"href":"https:\/\/linitiative.ca\/International\/wp-json\/wp\/v2\/posts\/86475\/revisions"}],"wp:attachment":[{"href":"https:\/\/linitiative.ca\/International\/wp-json\/wp\/v2\/media?parent=86475"}],"wp:term":[{"taxonomy":"category","embeddable":true,"href":"https:\/\/linitiative.ca\/International\/wp-json\/wp\/v2\/categories?post=86475"},{"taxonomy":"post_tag","embeddable":true,"href":"https:\/\/linitiative.ca\/International\/wp-json\/wp\/v2\/tags?post=86475"}],"curies":[{"name":"wp","href":"https:\/\/api.w.org\/{rel}","templated":true}]}}