{"id":86483,"date":"2020-05-23T12:25:38","date_gmt":"2020-05-23T16:25:38","guid":{"rendered":"https:\/\/linitiative.ca\/International\/la-presse-papier-reprend-le-26-mai\/"},"modified":"2020-05-23T12:25:38","modified_gmt":"2020-05-23T16:25:38","slug":"la-presse-papier-reprend-le-26-mai","status":"publish","type":"post","link":"https:\/\/linitiative.ca\/International\/la-presse-papier-reprend-le-26-mai\/","title":{"rendered":"La presse papier reprend le 26 mai"},"content":{"rendered":"<p><strong>Apr\u00e8s deux mois d\u2019arr\u00eat de publication, la presse papier reprend du service le lendemain de la f\u00eate de l\u2019Aid Al Fitr.<\/strong><\/p>\n<div class=\"c10\"\/>\n<p>Le ministre de la culture Othman el Ferdaous a annonc\u00e9 dans post, publi\u00e9 sur sa page Facebook, la reprise de l\u2019impression et de la distribution des <strong>journaux<\/strong> et magazines \u00e0 partir du mardi 26 mai, rapporte le site alyaoum 24.<\/p>\n<p>Les supports de la <strong>presse<\/strong> \u00e9crites marocains s\u2019\u00e9taient r\u00e9solus, deux mois durant, \u00e0 l\u2019option provisoire du format PDF pour assurer leur continuit\u00e9 au service des lecteurs malgr\u00e9 la situation difficile que ces supports papier ont d\u00fb endurer.<\/p>\n<p>Lire aussi |<a href=\"https:\/\/www.challenge.ma\/maroc-les-entreprises-reprendront-apres-laid-140905\/\">Maroc : Les entreprises reprendront apr\u00e8s l\u2019A\u00efd<\/a><\/p>\n<p>Cette d\u00e9cision entre dans le cadre de l\u2019assouplissement de l\u2019<strong>\u00e9tat d\u2019urgence<\/strong> pour les entreprises nationales en vue de relancer l\u2019\u00e9conomie du pays, impact\u00e9e par le coronavirus. En effet, le ministre de l\u2019Economie, des Finances et de la R\u00e9forme de l\u2019administration, Mohamed Bencha\u00e2boun, avait annonc\u00e9, mardi 19 mai, la d\u00e9cision d\u2019ouvrir la voie aux entreprises pour reprendre leur activit\u00e9 d\u00e8s le d\u00e9but de la semaine prochaine et ce, en d\u00e9pit de la prolongation de l\u2019\u00e9tat d\u2019urgence sanitaire jusqu\u2019au 10 juin, \u00e0 l\u2019exception de celles suspendues sur ordre des autorit\u00e9s autoris\u00e9es.<\/p>\n<p>Lire aussi : <a href=\"https:\/\/www.challenge.ma\/maroc-confinement-1-milliard-de-dh-de-perte-par-jour-140870\/\">Confinement : Le Maroc perd 1 milliard de dirhams par jour<\/a><\/p>\n<div class=\"c17\">\n<fieldset class=\"c16\">\n<legend><strong><span class=\"c11\">Challenge<\/span><span class=\"c12\">news<\/span><\/strong><\/legend>\n<div class=\"c15\">Le meilleur de Challenge s\u00e9lectionn\u00e9 par la r\u00e9daction :<\/p>\n<\/div>\n<\/fieldset>\n<\/div>\n<p>Auteur: Hassan Manyani<br \/>\n<a href=\"https:\/\/www.challenge.ma\/la-presse-papier-reprend-le-26-mai-141416\/\">Cliquez ici pour lire l&rsquo;article depuis sa source.<\/a><\/p>\n","protected":false},"excerpt":{"rendered":"<p>Apr\u00e8s deux mois d\u2019arr\u00eat de publication, la presse papier reprend du service le lendemain de la f\u00eate de l\u2019Aid Al Fitr. Le ministre de la culture Othman el Ferdaous a annonc\u00e9 dans post, publi\u00e9 sur sa page Facebook, la reprise de l\u2019impression et de la distribution des journaux et magazines \u00e0 partir du mardi 26 [&hellip;]<\/p>\n","protected":false},"author":1787,"featured_media":0,"comment_status":"closed","ping_status":"closed","sticky":false,"template":"","format":"standard","meta":{"fifu_image_url":"","fifu_image_alt":"","footnotes":""},"categories":[78,54],"tags":[],"class_list":["post-86483","post","type-post","status-publish","format-standard","hentry","category-economie","category-maroc"],"_links":{"self":[{"href":"https:\/\/linitiative.ca\/International\/wp-json\/wp\/v2\/posts\/86483","targetHints":{"allow":["GET"]}}],"collection":[{"href":"https:\/\/linitiative.ca\/International\/wp-json\/wp\/v2\/posts"}],"about":[{"href":"https:\/\/linitiative.ca\/International\/wp-json\/wp\/v2\/types\/post"}],"author":[{"embeddable":true,"href":"https:\/\/linitiative.ca\/International\/wp-json\/wp\/v2\/users\/1787"}],"replies":[{"embeddable":true,"href":"https:\/\/linitiative.ca\/International\/wp-json\/wp\/v2\/comments?post=86483"}],"version-history":[{"count":0,"href":"https:\/\/linitiative.ca\/International\/wp-json\/wp\/v2\/posts\/86483\/revisions"}],"wp:attachment":[{"href":"https:\/\/linitiative.ca\/International\/wp-json\/wp\/v2\/media?parent=86483"}],"wp:term":[{"taxonomy":"category","embeddable":true,"href":"https:\/\/linitiative.ca\/International\/wp-json\/wp\/v2\/categories?post=86483"},{"taxonomy":"post_tag","embeddable":true,"href":"https:\/\/linitiative.ca\/International\/wp-json\/wp\/v2\/tags?post=86483"}],"curies":[{"name":"wp","href":"https:\/\/api.w.org\/{rel}","templated":true}]}}