{"id":86490,"date":"2020-05-23T16:20:55","date_gmt":"2020-05-23T20:20:55","guid":{"rendered":"https:\/\/linitiative.ca\/International\/aid-al-fitr-celebre-dimanche-au-maroc\/"},"modified":"2020-05-23T16:20:55","modified_gmt":"2020-05-23T20:20:55","slug":"aid-al-fitr-celebre-dimanche-au-maroc","status":"publish","type":"post","link":"https:\/\/linitiative.ca\/International\/aid-al-fitr-celebre-dimanche-au-maroc\/","title":{"rendered":"A\u00efd Al Fitr c\u00e9l\u00e9br\u00e9 dimanche au Maroc"},"content":{"rendered":"<p><strong>A\u00efd Al Fitr 1441 de l\u2019h\u00e9gire sera c\u00e9l\u00e9br\u00e9 dimanche 24 mai dans le Royaume, a annonc\u00e9 samedi soir le minist\u00e8re des Habous et des Affaires islamiques.<\/strong><\/p>\n<div class=\"c10\"\/>\n<p>Dans un communiqu\u00e9, le minist\u00e8re pr\u00e9cise avoir proc\u00e9d\u00e9 \u00e0 l\u2019observation, apr\u00e8s la pri\u00e8re d\u2019Al Maghrib, samedi 29 Ramadan 1441 H, correspondant au 23 mais 2020 et a confirm\u00e9 l\u2019observation du croissant lunaire annon\u00e7ant le d\u00e9but du mois de Chaoual 1441 H.<\/p>\n<p>Puisse Dieu en ce mois b\u00e9ni, combler de Ses faveurs SM le Roi Mohammed VI, Amir Al Mouminine, et renouveler pareille occasion pour le Souverain dans la grandeur et la gloire, pour SAR le Prince H\u00e9ritier Moulay El Hassan et l\u2019ensemble des membres de l\u2019illustre Famille Royale dans les bienfaits et pour le peuple marocain et l\u2019ensemble de la Oumma islamique dans le progr\u00e8s, la prosp\u00e9rit\u00e9 et la qui\u00e9tude, conclut le communiqu\u00e9.<\/p>\n<div class=\"c17\">\n<fieldset class=\"c16\">\n<legend><strong><span class=\"c11\">Challenge<\/span><span class=\"c12\">news<\/span><\/strong><\/legend>\n<div class=\"c15\">Le meilleur de Challenge s\u00e9lectionn\u00e9 par la r\u00e9daction :<\/p>\n<\/div>\n<\/fieldset>\n<\/div>\n<p>Auteur: challenge<br \/>\n<a href=\"https:\/\/www.challenge.ma\/aid-al-fitr-celebre-dimanche-au-maroc-141443\/\">Cliquez ici pour lire l&rsquo;article depuis sa source.<\/a><\/p>\n","protected":false},"excerpt":{"rendered":"<p>A\u00efd Al Fitr 1441 de l\u2019h\u00e9gire sera c\u00e9l\u00e9br\u00e9 dimanche 24 mai dans le Royaume, a annonc\u00e9 samedi soir le minist\u00e8re des Habous et des Affaires islamiques. Dans un communiqu\u00e9, le minist\u00e8re pr\u00e9cise avoir proc\u00e9d\u00e9 \u00e0 l\u2019observation, apr\u00e8s la pri\u00e8re d\u2019Al Maghrib, samedi 29 Ramadan 1441 H, correspondant au 23 mais 2020 et a confirm\u00e9 l\u2019observation [&hellip;]<\/p>\n","protected":false},"author":1787,"featured_media":0,"comment_status":"closed","ping_status":"closed","sticky":false,"template":"","format":"standard","meta":{"fifu_image_url":"","fifu_image_alt":"","footnotes":""},"categories":[78,54],"tags":[],"class_list":["post-86490","post","type-post","status-publish","format-standard","hentry","category-economie","category-maroc"],"_links":{"self":[{"href":"https:\/\/linitiative.ca\/International\/wp-json\/wp\/v2\/posts\/86490","targetHints":{"allow":["GET"]}}],"collection":[{"href":"https:\/\/linitiative.ca\/International\/wp-json\/wp\/v2\/posts"}],"about":[{"href":"https:\/\/linitiative.ca\/International\/wp-json\/wp\/v2\/types\/post"}],"author":[{"embeddable":true,"href":"https:\/\/linitiative.ca\/International\/wp-json\/wp\/v2\/users\/1787"}],"replies":[{"embeddable":true,"href":"https:\/\/linitiative.ca\/International\/wp-json\/wp\/v2\/comments?post=86490"}],"version-history":[{"count":0,"href":"https:\/\/linitiative.ca\/International\/wp-json\/wp\/v2\/posts\/86490\/revisions"}],"wp:attachment":[{"href":"https:\/\/linitiative.ca\/International\/wp-json\/wp\/v2\/media?parent=86490"}],"wp:term":[{"taxonomy":"category","embeddable":true,"href":"https:\/\/linitiative.ca\/International\/wp-json\/wp\/v2\/categories?post=86490"},{"taxonomy":"post_tag","embeddable":true,"href":"https:\/\/linitiative.ca\/International\/wp-json\/wp\/v2\/tags?post=86490"}],"curies":[{"name":"wp","href":"https:\/\/api.w.org\/{rel}","templated":true}]}}