{"id":86501,"date":"2020-05-23T07:45:53","date_gmt":"2020-05-23T11:45:53","guid":{"rendered":"https:\/\/linitiative.ca\/International\/lutte-contre-le-terrorisme-le-burkina-faso-et-la-cote-divoire-menent-une-operation-conjointe-de-securite\/"},"modified":"2020-05-23T07:45:53","modified_gmt":"2020-05-23T11:45:53","slug":"lutte-contre-le-terrorisme-le-burkina-faso-et-la-cote-divoire-menent-une-operation-conjointe-de-securite","status":"publish","type":"post","link":"https:\/\/linitiative.ca\/International\/lutte-contre-le-terrorisme-le-burkina-faso-et-la-cote-divoire-menent-une-operation-conjointe-de-securite\/","title":{"rendered":"Lutte contre le terrorisme\u00a0: Le Burkina Faso et la C\u00f4te d\u2019Ivoire m\u00e8nent une op\u00e9ration conjointe de s\u00e9curit\u00e9"},"content":{"rendered":"<div class=\"td-post-featured-image\"><a href=\"https:\/\/www.sidwaya.info\/wp-content\/uploads\/2020\/05\/THIENON_20.jpg\" data-caption=\"\"><img loading=\"lazy\" decoding=\"async\" width=\"640\" height=\"427\" class=\"entry-thumb td-modal-image\" src=\"https:\/\/www.sidwaya.info\/wp-content\/uploads\/2020\/05\/THIENON_20.jpg\" srcset=\"https:\/\/www.sidwaya.info\/wp-content\/uploads\/2020\/05\/THIENON_20.jpg 640w, https:\/\/www.sidwaya.info\/wp-content\/uploads\/2020\/05\/THIENON_20-300x200.jpg 300w, https:\/\/www.sidwaya.info\/wp-content\/uploads\/2020\/05\/THIENON_20-630x420.jpg 630w\" sizes=\"auto, (max-width: 640px) 100vw, 640px\" alt=\"\" title=\"THIENON_20\"\/><\/a><\/div>\n<p>Le Burkina Faso et la C\u00f4te d\u2019Ivoire m\u00e8nent depuis le 13 mai 2020, une op\u00e9ration conjointe de s\u00e9curit\u00e9 d\u00e9nomm\u00e9e <em>\u00ab\u00a0Como\u00e9\u00a0\u00bb<\/em> dans la zone frontali\u00e8re entre les deux Etats. L\u2019op\u00e9ration <em>\u00ab\u00a0Como\u00e9\u00a0\u00bb<\/em> a d\u00e9j\u00e0 permis de mettre en d\u00e9route des terroristes.<\/p>\n<p>En effet, cette op\u00e9ration a permis de d\u00e9manteler une base des terroristes et de saisir des mat\u00e9riels notamment des armes, des t\u00e9l\u00e9phones portables. Ainsi, les deux arm\u00e9es entendent mutualiser leurs forces pour faire face au terrorisme transfrontalier.<\/p>\n<p><img loading=\"lazy\" decoding=\"async\" class=\"alignnone wp-image-22418\" src=\"https:\/\/www.sidwaya.info\/wp-content\/uploads\/2020\/05\/THIENON_19-300x236.jpg\" alt=\"\" width=\"388\" height=\"305\" srcset=\"https:\/\/www.sidwaya.info\/wp-content\/uploads\/2020\/05\/THIENON_19-300x236.jpg 300w, https:\/\/www.sidwaya.info\/wp-content\/uploads\/2020\/05\/THIENON_19-534x420.jpg 534w, https:\/\/www.sidwaya.info\/wp-content\/uploads\/2020\/05\/THIENON_19.jpg 610w\" sizes=\"auto, (max-width: 388px) 100vw, 388px\"\/><\/p>\n<div class=\"td-a-rec td-a-rec-id-content_inline tdi_30_68f td_block_template_1\"><img loading=\"lazy\" decoding=\"async\" class=\"aligncenter size-full wp-image-21314\" src=\"https:\/\/www.sidwaya.info\/wp-content\/uploads\/2020\/04\/Bandeau-Covid-19-Sidwaya-1.jpg\" alt=\"\" width=\"790\" height=\"98\"\/><\/div>\n<p>Les deux chefs d\u2019Etat-major des arm\u00e9es, qui se sont rencontr\u00e9s le vendredi 22 mai 2020 \u00e0 Kafolo, en terre ivoirienne, saluent cette <em>\u00ab\u00a0belle\u00a0\u00bb<\/em> coop\u00e9ration. Ils se disent convaincus de la n\u00e9cessit\u00e9 de renforcer cette coop\u00e9ration.<\/p>\n<p><strong>Boudayinga J-M THIENON<\/strong><\/p>\n<div class=\"td-a-rec td-a-rec-id-content_bottom tdi_31_964 td_block_template_1\"><img loading=\"lazy\" decoding=\"async\" class=\"aligncenter size-full wp-image-22415\" src=\"https:\/\/www.sidwaya.info\/wp-content\/uploads\/2020\/05\/Bandeau-paiement-mobile-site.png\" alt=\"\" width=\"728\" height=\"90\"\/><\/div>\n<p>Auteur: Wamini SIDWAYA<br \/>\n<a href=\"https:\/\/www.sidwaya.info\/blog\/2020\/05\/23\/lutte-contre-le-terrorisme-le-burkina-faso-et-la-cote-divoire-menent-une-operation-conjointe-de-securite\/\">Cliquez ici pour lire l&rsquo;article depuis sa source.<\/a><\/p>\n","protected":false},"excerpt":{"rendered":"<p>Le Burkina Faso et la C\u00f4te d\u2019Ivoire m\u00e8nent depuis le 13 mai 2020, une op\u00e9ration conjointe de s\u00e9curit\u00e9 d\u00e9nomm\u00e9e \u00ab\u00a0Como\u00e9\u00a0\u00bb dans la zone frontali\u00e8re entre les deux Etats. L\u2019op\u00e9ration \u00ab\u00a0Como\u00e9\u00a0\u00bb a d\u00e9j\u00e0 permis de mettre en d\u00e9route des terroristes. En effet, cette op\u00e9ration a permis de d\u00e9manteler une base des terroristes et de saisir des [&hellip;]<\/p>\n","protected":false},"author":1816,"featured_media":86502,"comment_status":"closed","ping_status":"closed","sticky":false,"template":"","format":"standard","meta":{"fifu_image_url":"","fifu_image_alt":"","footnotes":""},"categories":[73,81],"tags":[],"class_list":["post-86501","post","type-post","status-publish","format-standard","has-post-thumbnail","hentry","category-actualite","category-burkina-faso"],"_links":{"self":[{"href":"https:\/\/linitiative.ca\/International\/wp-json\/wp\/v2\/posts\/86501","targetHints":{"allow":["GET"]}}],"collection":[{"href":"https:\/\/linitiative.ca\/International\/wp-json\/wp\/v2\/posts"}],"about":[{"href":"https:\/\/linitiative.ca\/International\/wp-json\/wp\/v2\/types\/post"}],"author":[{"embeddable":true,"href":"https:\/\/linitiative.ca\/International\/wp-json\/wp\/v2\/users\/1816"}],"replies":[{"embeddable":true,"href":"https:\/\/linitiative.ca\/International\/wp-json\/wp\/v2\/comments?post=86501"}],"version-history":[{"count":0,"href":"https:\/\/linitiative.ca\/International\/wp-json\/wp\/v2\/posts\/86501\/revisions"}],"wp:featuredmedia":[{"embeddable":true,"href":"https:\/\/linitiative.ca\/International\/wp-json\/"}],"wp:attachment":[{"href":"https:\/\/linitiative.ca\/International\/wp-json\/wp\/v2\/media?parent=86501"}],"wp:term":[{"taxonomy":"category","embeddable":true,"href":"https:\/\/linitiative.ca\/International\/wp-json\/wp\/v2\/categories?post=86501"},{"taxonomy":"post_tag","embeddable":true,"href":"https:\/\/linitiative.ca\/International\/wp-json\/wp\/v2\/tags?post=86501"}],"curies":[{"name":"wp","href":"https:\/\/api.w.org\/{rel}","templated":true}]}}