{"id":86505,"date":"2020-05-23T11:18:04","date_gmt":"2020-05-23T15:18:04","guid":{"rendered":"https:\/\/linitiative.ca\/International\/egypte-21-terroristes-presumes-tues-par-les-forces-de-securite\/"},"modified":"2020-05-23T11:18:04","modified_gmt":"2020-05-23T15:18:04","slug":"egypte-21-terroristes-presumes-tues-par-les-forces-de-securite","status":"publish","type":"post","link":"https:\/\/linitiative.ca\/International\/egypte-21-terroristes-presumes-tues-par-les-forces-de-securite\/","title":{"rendered":"\u00c9gypte: 21 terroristes pr\u00e9sum\u00e9s tu\u00e9s par les forces de s\u00e9curit\u00e9"},"content":{"rendered":"<div readability=\"32\">\n<p>Publi\u00e9 le 23.05.2020 \u00e0 16h18 par APA News<\/p>\n<\/div>\n<div readability=\"50\">\n<p>Par Mohamed Fayed \u2013 Vingt-et-un terroristes pr\u00e9sum\u00e9s ont \u00e9t\u00e9 tu\u00e9s lors d\u2019affrontements avec les forces de s\u00e9curit\u00e9 dans le Sina\u00ef, p\u00e9ninsule du nord-est de l\u2019\u00c9gypte, a annonc\u00e9 samedi le minist\u00e8re de l\u2019Int\u00e9rieur.La police a men\u00e9 des raids contre deux endroits o\u00f9 se cachaient des \u00ab \u00e9l\u00e9ments terroristes \u00bb dans la province du Nord-Sina\u00ef, ce qui a entra\u00een\u00e9 des \u00e9changes de tirs lors desquels deux officiers de police ont \u00e9galement \u00e9t\u00e9 bless\u00e9s, a indiqu\u00e9 un communiqu\u00e9 du, ajoutant que des armes automatiques et des ceintures d\u2019explosifs ont \u00e9t\u00e9 saisies.<\/p>\n<p>D\u2019apr\u00e8s le minist\u00e8re, ces \u00e9l\u00e9ments planifiaient des attaques lors de l\u2019A\u00efd al-Fitr, qui d\u00e9bute dimanche en \u00c9gypte.<\/p>\n<p>Les forces de s\u00e9curit\u00e9 \u00e9gyptiennes s\u2019efforcent depuis des ann\u00e9es de contenir l\u2019insurrection dans le nord du Sina\u00ef, \u00e0 laquelle prend part un groupe local affili\u00e9 au groupe terroriste autoproclam\u00e9 \u00ab \u00c9tat Islamique \u00bb.<\/p>\n<\/div>\n<p>Auteur: APA News<br \/>\n<a href=\"https:\/\/www.journalducameroun.com\/egypte-21-terroristes-presumes-tues-par-les-forces-de-securite\/\">Cliquez ici pour lire l&rsquo;article depuis sa source.<\/a><\/p>\n","protected":false},"excerpt":{"rendered":"<p>Publi\u00e9 le 23.05.2020 \u00e0 16h18 par APA News Par Mohamed Fayed \u2013 Vingt-et-un terroristes pr\u00e9sum\u00e9s ont \u00e9t\u00e9 tu\u00e9s lors d\u2019affrontements avec les forces de s\u00e9curit\u00e9 dans le Sina\u00ef, p\u00e9ninsule du nord-est de l\u2019\u00c9gypte, a annonc\u00e9 samedi le minist\u00e8re de l\u2019Int\u00e9rieur.La police a men\u00e9 des raids contre deux endroits o\u00f9 se cachaient des \u00ab \u00e9l\u00e9ments terroristes [&hellip;]<\/p>\n","protected":false},"author":1965,"featured_media":0,"comment_status":"closed","ping_status":"closed","sticky":false,"template":"","format":"standard","meta":{"fifu_image_url":"","fifu_image_alt":"","footnotes":""},"categories":[73,82],"tags":[],"class_list":["post-86505","post","type-post","status-publish","format-standard","hentry","category-actualite","category-cameroun"],"_links":{"self":[{"href":"https:\/\/linitiative.ca\/International\/wp-json\/wp\/v2\/posts\/86505","targetHints":{"allow":["GET"]}}],"collection":[{"href":"https:\/\/linitiative.ca\/International\/wp-json\/wp\/v2\/posts"}],"about":[{"href":"https:\/\/linitiative.ca\/International\/wp-json\/wp\/v2\/types\/post"}],"author":[{"embeddable":true,"href":"https:\/\/linitiative.ca\/International\/wp-json\/wp\/v2\/users\/1965"}],"replies":[{"embeddable":true,"href":"https:\/\/linitiative.ca\/International\/wp-json\/wp\/v2\/comments?post=86505"}],"version-history":[{"count":0,"href":"https:\/\/linitiative.ca\/International\/wp-json\/wp\/v2\/posts\/86505\/revisions"}],"wp:attachment":[{"href":"https:\/\/linitiative.ca\/International\/wp-json\/wp\/v2\/media?parent=86505"}],"wp:term":[{"taxonomy":"category","embeddable":true,"href":"https:\/\/linitiative.ca\/International\/wp-json\/wp\/v2\/categories?post=86505"},{"taxonomy":"post_tag","embeddable":true,"href":"https:\/\/linitiative.ca\/International\/wp-json\/wp\/v2\/tags?post=86505"}],"curies":[{"name":"wp","href":"https:\/\/api.w.org\/{rel}","templated":true}]}}