{"id":86507,"date":"2020-05-23T11:18:07","date_gmt":"2020-05-23T15:18:07","guid":{"rendered":"https:\/\/linitiative.ca\/International\/maroc-retour-au-fuseau-horaire-gmt1-le-31-mai\/"},"modified":"2020-05-23T11:18:07","modified_gmt":"2020-05-23T15:18:07","slug":"maroc-retour-au-fuseau-horaire-gmt1-le-31-mai","status":"publish","type":"post","link":"https:\/\/linitiative.ca\/International\/maroc-retour-au-fuseau-horaire-gmt1-le-31-mai\/","title":{"rendered":"Maroc : Retour au fuseau horaire GMT+1 \u00a0le 31 mai"},"content":{"rendered":"<div readability=\"32\">\n<p>Publi\u00e9 le 23.05.2020 \u00e0 16h18 par APA News<\/p>\n<\/div>\n<div readability=\"61\">\n<p>Le Maroc retournera le 31 mai au fuseau horaire GMT+1, soit apr\u00e8s le mois sacr\u00e9 du Ramadan.Ainsi, l\u2019heure l\u00e9gale du Royaume sera avanc\u00e9e de 60 minutes (GMT +1) le dimanche 31 mai 2020 \u00e0 02h00, selon le minist\u00e8re de la r\u00e9forme administrative.<\/p>\n<p>Le gouvernement avait d\u00e9cid\u00e9 le retour, le 19 avril dernier, \u00e0 l\u2019heure GMT, \u00e0 l\u2019occasion du mois du Ramadan.<\/p>\n<p>En octobre 2018, le gouvernement marocain avait approuv\u00e9 le d\u00e9cret instaurant le maintien de l\u2019heure d\u2019\u00e9t\u00e9 (GMT+1) toute l\u2019ann\u00e9e. Un d\u00e9cret qui pr\u00e9voit, toutefois, le changement \u00e9ventuel de l\u2019heure sur d\u00e9cision gouvernementale, en l\u2019occurrence pendant le mois sacr\u00e9 de Ramadan.<\/p>\n<p>Les protestations n\u2019ont pas r\u00e9ussi \u00e0 faire revenir le gouvernement sur cette d\u00e9cision justifi\u00e9e par \u00ab\u00a0l\u2019\u00e9conomie d\u2019\u00e9nergie\u00a0\u00bb mais aussi par l\u2019impact \u00ab\u00a0n\u00e9gatif\u00a0\u00bb du changement r\u00e9p\u00e9titif de l\u2019heure durant l\u2019ann\u00e9e sur la sant\u00e9 des populations.<\/p>\n<p>Le maintien de l\u2019heure d\u2019\u00e9t\u00e9 a \u00e9t\u00e9 recommand\u00e9 par une une \u00e9tude d\u2019\u00e9valuation men\u00e9e par le minist\u00e8re de la r\u00e9forme de l\u2019administration. Au grand dam des Marocains qui souhaitaient revenir \u00e0 l\u2019heure GMT, cette \u00e9tude a r\u00e9v\u00e9l\u00e9 un bilan \u00ab positif \u00bb du maintien d\u00e9finitif du fuseau horaire GMT+1.<\/p>\n<\/div>\n<p>Auteur: APA News<br \/>\n<a href=\"https:\/\/www.journalducameroun.com\/maroc-retour-au-fuseau-horaire-gmt1-le-31-mai\/\">Cliquez ici pour lire l&rsquo;article depuis sa source.<\/a><\/p>\n","protected":false},"excerpt":{"rendered":"<p>Publi\u00e9 le 23.05.2020 \u00e0 16h18 par APA News Le Maroc retournera le 31 mai au fuseau horaire GMT+1, soit apr\u00e8s le mois sacr\u00e9 du Ramadan.Ainsi, l\u2019heure l\u00e9gale du Royaume sera avanc\u00e9e de 60 minutes (GMT +1) le dimanche 31 mai 2020 \u00e0 02h00, selon le minist\u00e8re de la r\u00e9forme administrative. Le gouvernement avait d\u00e9cid\u00e9 le [&hellip;]<\/p>\n","protected":false},"author":1965,"featured_media":0,"comment_status":"closed","ping_status":"closed","sticky":false,"template":"","format":"standard","meta":{"fifu_image_url":"","fifu_image_alt":"","footnotes":""},"categories":[73,82],"tags":[],"class_list":["post-86507","post","type-post","status-publish","format-standard","hentry","category-actualite","category-cameroun"],"_links":{"self":[{"href":"https:\/\/linitiative.ca\/International\/wp-json\/wp\/v2\/posts\/86507","targetHints":{"allow":["GET"]}}],"collection":[{"href":"https:\/\/linitiative.ca\/International\/wp-json\/wp\/v2\/posts"}],"about":[{"href":"https:\/\/linitiative.ca\/International\/wp-json\/wp\/v2\/types\/post"}],"author":[{"embeddable":true,"href":"https:\/\/linitiative.ca\/International\/wp-json\/wp\/v2\/users\/1965"}],"replies":[{"embeddable":true,"href":"https:\/\/linitiative.ca\/International\/wp-json\/wp\/v2\/comments?post=86507"}],"version-history":[{"count":0,"href":"https:\/\/linitiative.ca\/International\/wp-json\/wp\/v2\/posts\/86507\/revisions"}],"wp:attachment":[{"href":"https:\/\/linitiative.ca\/International\/wp-json\/wp\/v2\/media?parent=86507"}],"wp:term":[{"taxonomy":"category","embeddable":true,"href":"https:\/\/linitiative.ca\/International\/wp-json\/wp\/v2\/categories?post=86507"},{"taxonomy":"post_tag","embeddable":true,"href":"https:\/\/linitiative.ca\/International\/wp-json\/wp\/v2\/tags?post=86507"}],"curies":[{"name":"wp","href":"https:\/\/api.w.org\/{rel}","templated":true}]}}