{"id":86508,"date":"2020-05-23T12:18:03","date_gmt":"2020-05-23T16:18:03","guid":{"rendered":"https:\/\/linitiative.ca\/International\/cote-divoire-la-plateforme-ffsi-est-un-cadre-de-discussion-citoyen-et-en-aucun-cas-un-parti-selon-linitiateur-noel-yao\/"},"modified":"2020-05-23T12:18:03","modified_gmt":"2020-05-23T16:18:03","slug":"cote-divoire-la-plateforme-ffsi-est-un-cadre-de-discussion-citoyen-et-en-aucun-cas-un-parti-selon-linitiateur-noel-yao","status":"publish","type":"post","link":"https:\/\/linitiative.ca\/International\/cote-divoire-la-plateforme-ffsi-est-un-cadre-de-discussion-citoyen-et-en-aucun-cas-un-parti-selon-linitiateur-noel-yao\/","title":{"rendered":"C\u00f4te d\u2019Ivoire:  la plateforme FFSI est un cadre de discussion citoyen et en aucun cas un parti, selon l\u2019initiateur No\u00ebl Yao"},"content":{"rendered":"<div readability=\"32\">\n<p>Publi\u00e9 le 23.05.2020 \u00e0 17h18 par APA News<\/p>\n<\/div>\n<div readability=\"99\">\n<p>La plateforme Famille fraternelle et solidaire ivoirienne (FFSI) est un forum de discussion citoyen, et se veut un cadre d\u2019\u00e9changes sur la solidarit\u00e9 post Covid-19, et n\u2019est nullement un parti politique, pr\u00e9cise son initiateur, l\u2019\u00e9m\u00e9rite journaliste No\u00ebl Yao.Suite \u00e0 la cr\u00e9ation de la plateforme FFSI, vendredi, des internautes ont sur la toile extrapol\u00e9 l\u2019esprit de l\u2019initiative, qui selon le journaliste et communicateur No\u00ebl Yao, \u00ab n\u2019est pas un forum o\u00f9 \u00a0chacun vient d\u00e9fendre un parti politique \u00bb.<\/p>\n<p>\u00ab C\u2019est un forum citoyen de discussion et d\u2019\u00e9changes entre Ivoiriens \u00bb sur des sujets d\u2019int\u00e9r\u00eat public, fait observer M. No\u00ebl \u00a0Yao, qui souligne que \u00ab cette plate-forme FFSI n\u2019est pas du tout un parti politique, ni m\u00eame un embryon \u00bb.\u00a0<\/p>\n<p>Il a relev\u00e9 que chacun et chacune des adh\u00e9rents \u00ab garde son appartenance politique dans sa poche en venant sur cette plateforme \u00a0citoyenne et plurielle d\u2019\u00e9changes et de discussion citoyenne \u00bb, qualifiant d\u2019\u00abind\u00e9crottables \u00bb les amateurs de fake news (fausses informations). \u00a0<\/p>\n<p>Le journaliste \u00a0No\u00ebl Yao qui est par ailleurs conseiller en communication du vice-pr\u00e9sident ivoirien, Daniel Kablan Duncan insiste pour dire que \u00ab M. Duncan n\u2019est ni de pr\u00e8s ni de loin m\u00eal\u00e9 \u00e0 cette initiative qui est d\u2019abord \u00a0partie de la \u00a0n\u00e9cessaire solidarit\u00e9 entre Ivoiriens face au Coronavirus \u00bb.\u00a0<\/p>\n<p>\u00a0Le vice-pr\u00e9sident ivoirien, Daniel Kablan Duncan \u00ab n\u2019est m\u00eame pas au courant de cette plate-forme\u00bb, fait-il savoir, mettant en garde ses pourfendeurs afin qu\u2019ils \u00ab arr\u00eatent leur sale besogne, car ils pourraient s\u2019expliquer devant la justice pour divulgation de fausses nouvelles \u00bb.\u00a0<\/p>\n<p>Dans un post sur les r\u00e9seaux sociaux, un internaute \u00e9voque \u00ab un jeu trouble de Kablan Duncan \u00bb \u00e0 cinq mois de l\u2019\u00e9lection pr\u00e9sidentielle du 31 octobre 2020. Pour lui, cette plateforme de M. No\u00ebl Yao \u00ab appara\u00eet comme l\u2019embryon d\u2019un parti politique \u00bb.<\/p>\n<p>\u00ab Cette plate-forme n\u2019est pas un parti politique, mais un forum citoyen de discussion et M. Duncan n\u2019a rien \u00e0 y voir (\u2026) elle est purement personnelle \u00e0 moi ; et je ne l\u2019ai m\u00eame pas inform\u00e9 avant de lancer ma plateforme qui est surtout inspir\u00e9e du constat fait de la n\u00e9cessaire solidarit\u00e9 entre Ivoiriens face \u00e0 la Covid-19\u00bb, insiste No\u00ebl Yao.<\/p>\n<p>Les Ivoiriens, soutient-il, doivent \u00eatre \u00abdes partisans acharn\u00e9s, r\u00e9solus, d\u00e9termin\u00e9s, \u00a0infatigables de la \u00a0solidarit\u00e9 \u00a0de la paix, de la fraternit\u00e9, du progr\u00e8s, du bien-\u00eatre, de la d\u00e9mocratie, de l\u2019\u00c9tat de droit, de la bonne et saine gouvernance, du respect des droits de l\u2019Homme et de la dignit\u00e9 humaine \u00bb.<\/p>\n<\/div>\n<p>Auteur: APA News<br \/>\n<a href=\"https:\/\/www.journalducameroun.com\/cote-divoire-la-plateforme-ffsi-est-un-cadre-de-discussion-citoyen-et-en-aucun-cas-un-parti-selon-linitiateur-noel-yao\/\">Cliquez ici pour lire l&rsquo;article depuis sa source.<\/a><\/p>\n","protected":false},"excerpt":{"rendered":"<p>Publi\u00e9 le 23.05.2020 \u00e0 17h18 par APA News La plateforme Famille fraternelle et solidaire ivoirienne (FFSI) est un forum de discussion citoyen, et se veut un cadre d\u2019\u00e9changes sur la solidarit\u00e9 post Covid-19, et n\u2019est nullement un parti politique, pr\u00e9cise son initiateur, l\u2019\u00e9m\u00e9rite journaliste No\u00ebl Yao.Suite \u00e0 la cr\u00e9ation de la plateforme FFSI, vendredi, des [&hellip;]<\/p>\n","protected":false},"author":1965,"featured_media":0,"comment_status":"closed","ping_status":"closed","sticky":false,"template":"","format":"standard","meta":{"fifu_image_url":"","fifu_image_alt":"","footnotes":""},"categories":[73,82],"tags":[],"class_list":["post-86508","post","type-post","status-publish","format-standard","hentry","category-actualite","category-cameroun"],"_links":{"self":[{"href":"https:\/\/linitiative.ca\/International\/wp-json\/wp\/v2\/posts\/86508","targetHints":{"allow":["GET"]}}],"collection":[{"href":"https:\/\/linitiative.ca\/International\/wp-json\/wp\/v2\/posts"}],"about":[{"href":"https:\/\/linitiative.ca\/International\/wp-json\/wp\/v2\/types\/post"}],"author":[{"embeddable":true,"href":"https:\/\/linitiative.ca\/International\/wp-json\/wp\/v2\/users\/1965"}],"replies":[{"embeddable":true,"href":"https:\/\/linitiative.ca\/International\/wp-json\/wp\/v2\/comments?post=86508"}],"version-history":[{"count":0,"href":"https:\/\/linitiative.ca\/International\/wp-json\/wp\/v2\/posts\/86508\/revisions"}],"wp:attachment":[{"href":"https:\/\/linitiative.ca\/International\/wp-json\/wp\/v2\/media?parent=86508"}],"wp:term":[{"taxonomy":"category","embeddable":true,"href":"https:\/\/linitiative.ca\/International\/wp-json\/wp\/v2\/categories?post=86508"},{"taxonomy":"post_tag","embeddable":true,"href":"https:\/\/linitiative.ca\/International\/wp-json\/wp\/v2\/tags?post=86508"}],"curies":[{"name":"wp","href":"https:\/\/api.w.org\/{rel}","templated":true}]}}