{"id":86510,"date":"2020-05-23T10:36:29","date_gmt":"2020-05-23T14:36:29","guid":{"rendered":"https:\/\/linitiative.ca\/International\/le-taux-de-contamination-lie-au-coronavirus-en-evolution-rapide-au-cameroun\/"},"modified":"2020-05-23T10:36:29","modified_gmt":"2020-05-23T14:36:29","slug":"le-taux-de-contamination-lie-au-coronavirus-en-evolution-rapide-au-cameroun","status":"publish","type":"post","link":"https:\/\/linitiative.ca\/International\/le-taux-de-contamination-lie-au-coronavirus-en-evolution-rapide-au-cameroun\/","title":{"rendered":"Le taux de contamination li\u00e9 au Coronavirus en \u00e9volution rapide au Cameroun"},"content":{"rendered":"<p>La pand\u00e9mie de Coronavirus continue de prendre de l\u2019ampleur dans le monde entier. Notamment dans les pays africains plus pr\u00e9cis\u00e9ment en Afrique-subsaharienne. Au l\u2019Afrique du Sud occupe la premi\u00e8re place, suivi du Cameroun. Mais depuis pr\u00e8s d\u2019une semaine cela aurait chang\u00e9 comme l\u2019indique le diagramme fourni par \u00ab\u00a0<em>Where is Coronvirus rising and falling\u00a0?<\/em>\u00bb actualis\u00e9 le 22 mai. Celui-ci classe le Cameroun comme le premier pays dans le monde enregistrant la plus forte contamination au Coronavirus en semaine. Soit un taux de 12%. Taux le plus \u00e9lev\u00e9 sur sept jours<\/p>\n<p>Si l\u2019on s\u2019en tient aux donn\u00e9es quotidiennes fournies par le minist\u00e8re de la Sant\u00e9 publique sur l\u2019\u00e9volution de la maladie dans notre pays sur une p\u00e9riode \u00a0allant du 15 au 22 mai pour mener une \u00e9tude comparative avec celle men\u00e9e par \u00ab\u00a0<em>Where is Coronvirus rising and falling\u00a0?<\/em>\u00bb, l\u2019on arrive \u00e0 la conclusion selon laquelle le virus croit rapidement dans notre pays.<\/p>\n<p>Sur la p\u00e9riode mentionn\u00e9e plus haut, le Cameroun a enregistr\u00e9 sensiblement 1 235 nouvelles infections. Avec un pic actuel de contamination quotidien se situant \u00a0\u00e0 528 nouvelles infections \u00a0en date du 21 mai depuis l\u2019apparition du premier du cas le 6 mars 2020. A ce jour le pays compte 4\u00a0400 cas positifs, pour 192 personnes ayant recouvr\u00e9es la sant\u00e9 et 159 d\u00e9c\u00e8s.<\/p>\n<p><strong>Situation \u00e9pid\u00e9miologique continentale<\/strong><\/p>\n<p>Sur le plan continental selon les chiffres fournis par \u00ab\u00a0<em>Where is Coronvirus rising and falling\u00a0?<\/em>\u00bb, derri\u00e8re le Cameroun se classe l\u2019Egypte avec 4% et l\u2019Afrique du Sud 5%. En date 22 mai, l\u2019Egypte qui est le pays le plus touch\u00e9 de l\u2019Afrique du Nord, comptait 15\u00a0003 personnes infect\u00e9es, soit 696 d\u00e9c\u00e8s et 4 4217 personnes ayant recouvr\u00e9es la sant\u00e9. S\u2019agissant de l\u2019Afrique du sud, qui occupe la premi\u00e8re place des pays infect\u00e9s dans la partie australe du continent, sur la m\u00eame date on a d\u00e9nombr\u00e9 19\u00a0137 cas positifs, pour 8\u00a0950 gu\u00e9ris et 369 d\u00e9c\u00e8s.<\/p>\n<p><strong>Evolution mondiale\u00a0\u00a0\u00a0\u00a0\u00a0\u00a0\u00a0\u00a0\u00a0\u00a0\u00a0\u00a0\u00a0\u00a0\u00a0\u00a0\u00a0\u00a0\u00a0\u00a0\u00a0\u00a0\u00a0\u00a0\u00a0<\/strong><\/p>\n<p>Toujours selon le diagramme fourni par \u00ab\u00a0<em>Where is Coronvirus rising and falling\u00a0?<\/em>\u00bb, les pays de l\u2019Am\u00e9rique latine enregistre aussi un fort de contamination au cours de la semaine allant du 15 au 22 mai. Il s\u2019agit plus pr\u00e9cis\u00e9ment du Chili et du Br\u00e9sil avec pr\u00e8s de 7% chacun de taux de contamination. A la date du 22 mai ces deux pays enregistraient respectivement 61\u00a0857 et 319\u00a0069 cas confirm\u00e9s de Covid-19.<\/p>\n<p>Si certains brillent avec leur croissance rapide certains pays sont en r\u00e9gression, selon l\u2019\u00e9tude r\u00e9alis\u00e9e. Notamment les pays qui \u00e9taient des foyers de la pand\u00e9mie tels que le Japon qui enregistre -12%, avec 16\u00a0513 cas; l\u2019Espagne -9%, avec 234\u00a0875\u00a0; l\u2019Italie -5%, pour 228\u00a0658 personnes infect\u00e9es. Ces chiffres datent du 22 mai, date de fin de l\u2019\u00e9tude r\u00e9alis\u00e9e sur une semaine pour chacun de ces pays.<\/p>\n<div class=\"awac-wrapper awac widget posts-list-widget-13\">\n<h4 class=\"widget-title\">Recent Posts<\/h4>\n<\/div>\n<p>Auteur: EcoMatin<br \/>\n<a href=\"https:\/\/ecomatin.net\/le-taux-de-contamination-lie-au-coronavirus-en-evolution-rapide-au-cameroun\/\">Cliquez ici pour lire l&rsquo;article depuis sa source.<\/a><\/p>\n","protected":false},"excerpt":{"rendered":"<p>La pand\u00e9mie de Coronavirus continue de prendre de l\u2019ampleur dans le monde entier. Notamment dans les pays africains plus pr\u00e9cis\u00e9ment en Afrique-subsaharienne. Au l\u2019Afrique du Sud occupe la premi\u00e8re place, suivi du Cameroun. Mais depuis pr\u00e8s d\u2019une semaine cela aurait chang\u00e9 comme l\u2019indique le diagramme fourni par \u00ab\u00a0Where is Coronvirus rising and falling\u00a0?\u00bb actualis\u00e9 le [&hellip;]<\/p>\n","protected":false},"author":1969,"featured_media":0,"comment_status":"closed","ping_status":"closed","sticky":false,"template":"","format":"standard","meta":{"fifu_image_url":"","fifu_image_alt":"","footnotes":""},"categories":[82,78],"tags":[],"class_list":["post-86510","post","type-post","status-publish","format-standard","hentry","category-cameroun","category-economie"],"_links":{"self":[{"href":"https:\/\/linitiative.ca\/International\/wp-json\/wp\/v2\/posts\/86510","targetHints":{"allow":["GET"]}}],"collection":[{"href":"https:\/\/linitiative.ca\/International\/wp-json\/wp\/v2\/posts"}],"about":[{"href":"https:\/\/linitiative.ca\/International\/wp-json\/wp\/v2\/types\/post"}],"author":[{"embeddable":true,"href":"https:\/\/linitiative.ca\/International\/wp-json\/wp\/v2\/users\/1969"}],"replies":[{"embeddable":true,"href":"https:\/\/linitiative.ca\/International\/wp-json\/wp\/v2\/comments?post=86510"}],"version-history":[{"count":0,"href":"https:\/\/linitiative.ca\/International\/wp-json\/wp\/v2\/posts\/86510\/revisions"}],"wp:attachment":[{"href":"https:\/\/linitiative.ca\/International\/wp-json\/wp\/v2\/media?parent=86510"}],"wp:term":[{"taxonomy":"category","embeddable":true,"href":"https:\/\/linitiative.ca\/International\/wp-json\/wp\/v2\/categories?post=86510"},{"taxonomy":"post_tag","embeddable":true,"href":"https:\/\/linitiative.ca\/International\/wp-json\/wp\/v2\/tags?post=86510"}],"curies":[{"name":"wp","href":"https:\/\/api.w.org\/{rel}","templated":true}]}}