{"id":86515,"date":"2020-05-24T06:08:30","date_gmt":"2020-05-24T10:08:30","guid":{"rendered":"https:\/\/linitiative.ca\/International\/covid-19-maroc-depuis-hier-16hr-23-nouveaux-cas-48-nouvelles-guerisons-zero-deces\/"},"modified":"2020-05-24T06:08:30","modified_gmt":"2020-05-24T10:08:30","slug":"covid-19-maroc-depuis-hier-16hr-23-nouveaux-cas-48-nouvelles-guerisons-zero-deces","status":"publish","type":"post","link":"https:\/\/linitiative.ca\/International\/covid-19-maroc-depuis-hier-16hr-23-nouveaux-cas-48-nouvelles-guerisons-zero-deces\/","title":{"rendered":"Covid-19 \/ Maroc : Depuis hier 16hr 23 nouveaux cas 48 nouvelles gu\u00e9risons Z\u00c9RO D\u00c9C\u00c8S"},"content":{"rendered":"<div>\n<p>Depuis hier 16hr 23 nouveaux cas 48 nouvelles gu&eacute;risons Z&Eacute;RO D&Eacute;C&Egrave;S<\/p>\n<p><a href=\"https:\/\/aujourdhui.ma\/wp-content\/uploads\/2020\/05\/bilan-coronavirus-Maroc-24052020-10h00.jpg\"><img loading=\"lazy\" decoding=\"async\" class=\"alignnone size-full wp-image-345774\" src=\"https:\/\/aujourdhui.ma\/wp-content\/uploads\/2020\/05\/bilan-coronavirus-Maroc-24052020-10h00.jpg\" alt=\"\" width=\"804\" height=\"784\" srcset=\"\/\/aujourdhui.ma\/wp-content\/uploads\/2020\/05\/bilan-coronavirus-Maroc-24052020-10h00.jpg 804w, \/\/aujourdhui.ma\/wp-content\/uploads\/2020\/05\/bilan-coronavirus-Maroc-24052020-10h00-300x293.jpg 300w, \/\/aujourdhui.ma\/wp-content\/uploads\/2020\/05\/bilan-coronavirus-Maroc-24052020-10h00-768x749.jpg 768w, \/\/aujourdhui.ma\/wp-content\/uploads\/2020\/05\/bilan-coronavirus-Maroc-24052020-10h00-36x36.jpg 36w\" sizes=\"auto, (max-width: 804px) 100vw, 804px\"><\/a><\/p>\n<p><a href=\"https:\/\/aujourdhui.ma\/wp-content\/uploads\/2020\/05\/bilan-coronavirus-Maroc-24052020-16h00-regions.jpg\"><img loading=\"lazy\" decoding=\"async\" class=\"alignnone size-full wp-image-345773\" src=\"https:\/\/aujourdhui.ma\/wp-content\/uploads\/2020\/05\/bilan-coronavirus-Maroc-24052020-16h00-regions.jpg\" alt=\"\" width=\"1140\" height=\"736\" srcset=\"\/\/aujourdhui.ma\/wp-content\/uploads\/2020\/05\/bilan-coronavirus-Maroc-24052020-16h00-regions.jpg 1140w, \/\/aujourdhui.ma\/wp-content\/uploads\/2020\/05\/bilan-coronavirus-Maroc-24052020-16h00-regions-300x194.jpg 300w, \/\/aujourdhui.ma\/wp-content\/uploads\/2020\/05\/bilan-coronavirus-Maroc-24052020-16h00-regions-1024x661.jpg 1024w, \/\/aujourdhui.ma\/wp-content\/uploads\/2020\/05\/bilan-coronavirus-Maroc-24052020-16h00-regions-768x496.jpg 768w, \/\/aujourdhui.ma\/wp-content\/uploads\/2020\/05\/bilan-coronavirus-Maroc-24052020-16h00-regions-179x116.jpg 179w, \/\/aujourdhui.ma\/wp-content\/uploads\/2020\/05\/bilan-coronavirus-Maroc-24052020-16h00-regions-367x237.jpg 367w\" sizes=\"auto, (max-width: 1140px) 100vw, 1140px\"><\/a><\/p>\n<\/div>\n<p>Auteur: ALM<br \/>\n<a href=\"https:\/\/aujourdhui.ma\/actualite\/covid-19-maroc-depuis-hier-16hr-23-nouveaux-cas-48-nouvelles-guerisons-zero-deces\">Cliquez ici pour lire l&rsquo;article depuis sa source.<\/a><\/p>\n","protected":false},"excerpt":{"rendered":"<p>Depuis hier 16hr 23 nouveaux cas 48 nouvelles gu&eacute;risons Z&Eacute;RO D&Eacute;C&Egrave;S Auteur: ALM Cliquez ici pour lire l&rsquo;article depuis sa source.<\/p>\n","protected":false},"author":1759,"featured_media":86516,"comment_status":"closed","ping_status":"closed","sticky":false,"template":"","format":"standard","meta":{"fifu_image_url":"","fifu_image_alt":"","footnotes":""},"categories":[73,54],"tags":[],"class_list":["post-86515","post","type-post","status-publish","format-standard","has-post-thumbnail","hentry","category-actualite","category-maroc"],"_links":{"self":[{"href":"https:\/\/linitiative.ca\/International\/wp-json\/wp\/v2\/posts\/86515","targetHints":{"allow":["GET"]}}],"collection":[{"href":"https:\/\/linitiative.ca\/International\/wp-json\/wp\/v2\/posts"}],"about":[{"href":"https:\/\/linitiative.ca\/International\/wp-json\/wp\/v2\/types\/post"}],"author":[{"embeddable":true,"href":"https:\/\/linitiative.ca\/International\/wp-json\/wp\/v2\/users\/1759"}],"replies":[{"embeddable":true,"href":"https:\/\/linitiative.ca\/International\/wp-json\/wp\/v2\/comments?post=86515"}],"version-history":[{"count":0,"href":"https:\/\/linitiative.ca\/International\/wp-json\/wp\/v2\/posts\/86515\/revisions"}],"wp:featuredmedia":[{"embeddable":true,"href":"https:\/\/linitiative.ca\/International\/wp-json\/"}],"wp:attachment":[{"href":"https:\/\/linitiative.ca\/International\/wp-json\/wp\/v2\/media?parent=86515"}],"wp:term":[{"taxonomy":"category","embeddable":true,"href":"https:\/\/linitiative.ca\/International\/wp-json\/wp\/v2\/categories?post=86515"},{"taxonomy":"post_tag","embeddable":true,"href":"https:\/\/linitiative.ca\/International\/wp-json\/wp\/v2\/tags?post=86515"}],"curies":[{"name":"wp","href":"https:\/\/api.w.org\/{rel}","templated":true}]}}