{"id":86532,"date":"2020-05-23T16:35:07","date_gmt":"2020-05-23T20:35:07","guid":{"rendered":"https:\/\/linitiative.ca\/International\/aid-al-fitr-grace-royale-au-profit-de-483-personnes\/"},"modified":"2020-05-23T16:35:07","modified_gmt":"2020-05-23T20:35:07","slug":"aid-al-fitr-grace-royale-au-profit-de-483-personnes","status":"publish","type":"post","link":"https:\/\/linitiative.ca\/International\/aid-al-fitr-grace-royale-au-profit-de-483-personnes\/","title":{"rendered":"A\u00efd Al Fitr: Gr\u00e2ce royale au profit de 483 personnes"},"content":{"rendered":"<p class=\"c4\">A l\u2019occasion de l\u2019A\u00efd Al Fitr, Sa Majest\u00e9 le Roi Mohammed VI, que Dieu L\u2019assiste, a accord\u00e9 Sa gr\u00e2ce \u00e0 483 personnes, dont certaines sont en d\u00e9tention et d\u2019autres en libert\u00e9, condamn\u00e9es par diff\u00e9rents tribunaux du Royaume, indique un communiqu\u00e9 du minist\u00e8re de la Justice.<\/p>\n<p class=\"c4\">Voici le texte du communiqu\u00e9 :<\/p>\n<p class=\"c4\">\u00ab\u00a0A l\u2019occasion de l\u2019A\u00efd Al Fitr de cette ann\u00e9e 1441 H. \u2013 2020 G, Sa Majest\u00e9 le Roi Mohammed VI, que Dieu perp\u00e9tue Sa gloire, a bien voulu accorder Sa gr\u00e2ce \u00e0 un ensemble de personnes condamn\u00e9es par diff\u00e9rents tribunaux du Royaume. Ces personnes sont au nombre de 483 et se pr\u00e9sentent comme suit :<\/p>\n<p class=\"c4\">+ Les b\u00e9n\u00e9ficiaires de la Gr\u00e2ce Royale qui sont en d\u00e9tention sont au nombre de 378 d\u00e9tenus se r\u00e9partissant comme suit :<\/p>\n<p class=\"c4\">\u2013 Remise de la peine d\u2019emprisonnement ou de r\u00e9clusion au profit de 378 d\u00e9tenus.<\/p>\n<p class=\"c4\">+ Les b\u00e9n\u00e9ficiaires de la Gr\u00e2ce Royale qui sont en libert\u00e9 sont au nombre de 105 personnes se r\u00e9partissant comme suit :<\/p>\n<p class=\"c4\">\u2013 Gr\u00e2ce sur la peine d\u2019emprisonnement ou son reliquat au profit de 29 personnes.<\/p>\n<p class=\"c4\">\u2013 Gr\u00e2ce sur la peine d\u2019emprisonnement avec maintien de l\u2019amende au profit de 16 personnes.<\/p>\n<p class=\"c4\">\u2013 Gr\u00e2ce sur la peine d\u2019amende au profit de 59 personnes.<\/p>\n<p class=\"c4\">\u2013 Gr\u00e2ce sur la peine d\u2019emprisonnement et d\u2019amende au profit de 01 personne.<\/p>\n<p class=\"c4\">Puisse Dieu garder Sa Majest\u00e9 le Roi, source de cl\u00e9mence et de mis\u00e9ricorde, perp\u00e9tuer Sa gloire et pr\u00e9server Son Altesse Royale le Prince H\u00e9ritier Moulay Al Hassan, ainsi que tous les membres de la Famille Royale\u00a0\u00bb.<\/p>\n<p>Auteur: Soufiane ELAHMAR<br \/>\n<a href=\"http:\/\/www.mapoujda.ma\/fr\/aid-al-fitr-grace-royale-au-profit-de-483-personnes\/\">Cliquez ici pour lire l&rsquo;article depuis sa source.<\/a><\/p>\n","protected":false},"excerpt":{"rendered":"<p>A l\u2019occasion de l\u2019A\u00efd Al Fitr, Sa Majest\u00e9 le Roi Mohammed VI, que Dieu L\u2019assiste, a accord\u00e9 Sa gr\u00e2ce \u00e0 483 personnes, dont certaines sont en d\u00e9tention et d\u2019autres en libert\u00e9, condamn\u00e9es par diff\u00e9rents tribunaux du Royaume, indique un communiqu\u00e9 du minist\u00e8re de la Justice. Voici le texte du communiqu\u00e9 : \u00ab\u00a0A l\u2019occasion de l\u2019A\u00efd [&hellip;]<\/p>\n","protected":false},"author":1788,"featured_media":0,"comment_status":"closed","ping_status":"closed","sticky":false,"template":"","format":"standard","meta":{"fifu_image_url":"","fifu_image_alt":"","footnotes":""},"categories":[54,76],"tags":[],"class_list":["post-86532","post","type-post","status-publish","format-standard","hentry","category-maroc","category-regions"],"_links":{"self":[{"href":"https:\/\/linitiative.ca\/International\/wp-json\/wp\/v2\/posts\/86532","targetHints":{"allow":["GET"]}}],"collection":[{"href":"https:\/\/linitiative.ca\/International\/wp-json\/wp\/v2\/posts"}],"about":[{"href":"https:\/\/linitiative.ca\/International\/wp-json\/wp\/v2\/types\/post"}],"author":[{"embeddable":true,"href":"https:\/\/linitiative.ca\/International\/wp-json\/wp\/v2\/users\/1788"}],"replies":[{"embeddable":true,"href":"https:\/\/linitiative.ca\/International\/wp-json\/wp\/v2\/comments?post=86532"}],"version-history":[{"count":0,"href":"https:\/\/linitiative.ca\/International\/wp-json\/wp\/v2\/posts\/86532\/revisions"}],"wp:attachment":[{"href":"https:\/\/linitiative.ca\/International\/wp-json\/wp\/v2\/media?parent=86532"}],"wp:term":[{"taxonomy":"category","embeddable":true,"href":"https:\/\/linitiative.ca\/International\/wp-json\/wp\/v2\/categories?post=86532"},{"taxonomy":"post_tag","embeddable":true,"href":"https:\/\/linitiative.ca\/International\/wp-json\/wp\/v2\/tags?post=86532"}],"curies":[{"name":"wp","href":"https:\/\/api.w.org\/{rel}","templated":true}]}}