{"id":86535,"date":"2020-05-24T07:53:00","date_gmt":"2020-05-24T11:53:00","guid":{"rendered":"https:\/\/linitiative.ca\/International\/sm-le-roi-amir-al-mouminine-accomplit-la-priere-de-laid-al-fitr\/"},"modified":"2020-05-24T07:53:00","modified_gmt":"2020-05-24T11:53:00","slug":"sm-le-roi-amir-al-mouminine-accomplit-la-priere-de-laid-al-fitr","status":"publish","type":"post","link":"https:\/\/linitiative.ca\/International\/sm-le-roi-amir-al-mouminine-accomplit-la-priere-de-laid-al-fitr\/","title":{"rendered":"SM le Roi, Amir Al-Mouminine, accomplit la pri\u00e8re de l\u2019A\u00efd Al-Fitr"},"content":{"rendered":"<div class=\"single-featured\"><img alt=\"\" data-src=\"http:\/\/www.mapoujda.ma\/map\/uploads\/2020\/05\/SM-le-Roi-accomplit-la-pri&#xE8;re-de-lA&#xEF;d-Al-Fitr-M750&#xD7;430-MAP.jpg\"\/><\/div>\n<div class=\"entry-content clearfix single-post-content\" readability=\"61\">\n<p class=\"c4\">Sa Majest\u00e9 le Roi Mohammed VI, Amir Al-Mouminine, que Dieu L\u2019assiste, accompagn\u00e9 de SAR le Prince H\u00e9ritier Moulay El Hassan et de SAR le Prince Moulay Rachid, a accompli, dimanche 1er Choual 1441 de l\u2019H\u00e9gire, correspondant au 24 mai 2020, la pri\u00e8re de l\u2019A\u00efd Al-Fitr.<\/p>\n<p class=\"c4\">SM le Roi, que Dieu Le glorifie, a bien voulu accomplir, \u00e0 l\u2019instar des membres de Son peuple fid\u00e8le, cette pri\u00e8re sans pr\u00eache et ce, dans le cadre du respect du confinement sanitaire et des mesures pr\u00e9ventives prises par le Royaume, conform\u00e9ment aux Hautes Orientations Royales pour faire face \u00e0 la pand\u00e9mie du coronavirus.<\/p>\n<p class=\"c4\">Puisse Dieu pr\u00e9server Sa Majest\u00e9 le Roi, perp\u00e9tuer sur Lui les bienfaits de la sant\u00e9, Lui accorder longue vie, et d\u00e9livrer notre pays de cette pand\u00e9mie, \u00e0 la faveur de l\u2019unit\u00e9, de la coh\u00e9sion et de la solidarit\u00e9 entre les composantes du peuple marocain fid\u00e8le<\/p>\n<\/div>\n<p>Auteur: Soufiane ELAHMAR<br \/>\n<a href=\"http:\/\/www.mapoujda.ma\/fr\/sm-le-roi-amir-al-mouminine-accomplit-la-priere-de-laid-al-fitr\/\">Cliquez ici pour lire l&rsquo;article depuis sa source.<\/a><\/p>\n","protected":false},"excerpt":{"rendered":"<p>Sa Majest\u00e9 le Roi Mohammed VI, Amir Al-Mouminine, que Dieu L\u2019assiste, accompagn\u00e9 de SAR le Prince H\u00e9ritier Moulay El Hassan et de SAR le Prince Moulay Rachid, a accompli, dimanche 1er Choual 1441 de l\u2019H\u00e9gire, correspondant au 24 mai 2020, la pri\u00e8re de l\u2019A\u00efd Al-Fitr. SM le Roi, que Dieu Le glorifie, a bien voulu [&hellip;]<\/p>\n","protected":false},"author":1788,"featured_media":86536,"comment_status":"closed","ping_status":"closed","sticky":false,"template":"","format":"standard","meta":{"fifu_image_url":"","fifu_image_alt":"","footnotes":""},"categories":[54,76],"tags":[],"class_list":["post-86535","post","type-post","status-publish","format-standard","has-post-thumbnail","hentry","category-maroc","category-regions"],"_links":{"self":[{"href":"https:\/\/linitiative.ca\/International\/wp-json\/wp\/v2\/posts\/86535","targetHints":{"allow":["GET"]}}],"collection":[{"href":"https:\/\/linitiative.ca\/International\/wp-json\/wp\/v2\/posts"}],"about":[{"href":"https:\/\/linitiative.ca\/International\/wp-json\/wp\/v2\/types\/post"}],"author":[{"embeddable":true,"href":"https:\/\/linitiative.ca\/International\/wp-json\/wp\/v2\/users\/1788"}],"replies":[{"embeddable":true,"href":"https:\/\/linitiative.ca\/International\/wp-json\/wp\/v2\/comments?post=86535"}],"version-history":[{"count":0,"href":"https:\/\/linitiative.ca\/International\/wp-json\/wp\/v2\/posts\/86535\/revisions"}],"wp:featuredmedia":[{"embeddable":true,"href":"https:\/\/linitiative.ca\/International\/wp-json\/"}],"wp:attachment":[{"href":"https:\/\/linitiative.ca\/International\/wp-json\/wp\/v2\/media?parent=86535"}],"wp:term":[{"taxonomy":"category","embeddable":true,"href":"https:\/\/linitiative.ca\/International\/wp-json\/wp\/v2\/categories?post=86535"},{"taxonomy":"post_tag","embeddable":true,"href":"https:\/\/linitiative.ca\/International\/wp-json\/wp\/v2\/tags?post=86535"}],"curies":[{"name":"wp","href":"https:\/\/api.w.org\/{rel}","templated":true}]}}