{"id":86541,"date":"2020-05-24T15:13:12","date_gmt":"2020-05-24T19:13:12","guid":{"rendered":"https:\/\/linitiative.ca\/International\/pros-man-city-riyad-mahrez-de-retour-a-lentrainement-video\/"},"modified":"2020-05-24T15:13:12","modified_gmt":"2020-05-24T19:13:12","slug":"pros-man-city-riyad-mahrez-de-retour-a-lentrainement-video","status":"publish","type":"post","link":"https:\/\/linitiative.ca\/International\/pros-man-city-riyad-mahrez-de-retour-a-lentrainement-video\/","title":{"rendered":"Pros : Man City : Riyad Mahrez de retour \u00e0 l&rsquo;entrainement (Vid\u00e9o)"},"content":{"rendered":"<div readability=\"32\">\n<p>Auteur : <span class=\"time\">dimanche 24 mai 2020 12:45<\/span><\/p>\n<\/div>\n<div id=\"post_core\" readability=\"37\">\n<p>Le club de Manchester a post\u00e9 sur son compte twitter quelques s\u00e9quences vid\u00e9os et images du retour \u00e0 l&rsquo;entrainement des Citizens apr\u00e8s des semaines d&rsquo;arr\u00eat du \u00e0 la crise du coronavirus. Riyad Mahrez \u00e9tait bien pr\u00e9sent pour ce retour comme il est possible de le voir sur les s\u00e9quences vid\u00e9o partag\u00e9es. Rappelons qu&rsquo;une reprise du championnat est esp\u00e9r\u00e9e en juin.<\/p>\n<p><iframe loading=\"lazy\" allow=\"accelerometer; autoplay; encrypted-media; gyroscope; picture-in-picture\" allowfullscreen=\"\" frameborder=\"0\" height=\"315\" src=\"https:\/\/www.youtube.com\/embed\/a1RKFQiy7sc\" width=\"560\">[embedded content]<\/iframe><\/p>\n<p><strong>Publi\u00e9 dans :<\/strong> <span>Riyad Mahrez<\/span><\/p>\n<\/div>\n<p>Auteur:<br \/>\n<a href=\"http:\/\/www.lebuteur.com\/article\/detail?titre=man-city-riyad-mahrez-de-retour-a-lentrainement-video&#038;id=96034&#038;utm_source=feedburner&#038;utm_medium=feed&#038;utm_campaign=Feed%3A+GalerieFArtciles+%28Les+derniers+articles++-+lebuteur.com%29\">Cliquez ici pour lire l&rsquo;article depuis sa source.<\/a><\/p>\n","protected":false},"excerpt":{"rendered":"<p>Auteur : dimanche 24 mai 2020 12:45 Le club de Manchester a post\u00e9 sur son compte twitter quelques s\u00e9quences vid\u00e9os et images du retour \u00e0 l&rsquo;entrainement des Citizens apr\u00e8s des semaines d&rsquo;arr\u00eat du \u00e0 la crise du coronavirus. Riyad Mahrez \u00e9tait bien pr\u00e9sent pour ce retour comme il est possible de le voir sur les [&hellip;]<\/p>\n","protected":false},"author":1738,"featured_media":86542,"comment_status":"closed","ping_status":"closed","sticky":false,"template":"","format":"standard","meta":{"fifu_image_url":"","fifu_image_alt":"","footnotes":""},"categories":[53,75],"tags":[],"class_list":["post-86541","post","type-post","status-publish","format-standard","has-post-thumbnail","hentry","category-algerie","category-sport"],"_links":{"self":[{"href":"https:\/\/linitiative.ca\/International\/wp-json\/wp\/v2\/posts\/86541","targetHints":{"allow":["GET"]}}],"collection":[{"href":"https:\/\/linitiative.ca\/International\/wp-json\/wp\/v2\/posts"}],"about":[{"href":"https:\/\/linitiative.ca\/International\/wp-json\/wp\/v2\/types\/post"}],"author":[{"embeddable":true,"href":"https:\/\/linitiative.ca\/International\/wp-json\/wp\/v2\/users\/1738"}],"replies":[{"embeddable":true,"href":"https:\/\/linitiative.ca\/International\/wp-json\/wp\/v2\/comments?post=86541"}],"version-history":[{"count":0,"href":"https:\/\/linitiative.ca\/International\/wp-json\/wp\/v2\/posts\/86541\/revisions"}],"wp:featuredmedia":[{"embeddable":true,"href":"https:\/\/linitiative.ca\/International\/wp-json\/"}],"wp:attachment":[{"href":"https:\/\/linitiative.ca\/International\/wp-json\/wp\/v2\/media?parent=86541"}],"wp:term":[{"taxonomy":"category","embeddable":true,"href":"https:\/\/linitiative.ca\/International\/wp-json\/wp\/v2\/categories?post=86541"},{"taxonomy":"post_tag","embeddable":true,"href":"https:\/\/linitiative.ca\/International\/wp-json\/wp\/v2\/tags?post=86541"}],"curies":[{"name":"wp","href":"https:\/\/api.w.org\/{rel}","templated":true}]}}