{"id":86545,"date":"2020-05-24T15:13:16","date_gmt":"2020-05-24T19:13:16","guid":{"rendered":"https:\/\/linitiative.ca\/International\/international-brescia-balotelli-pourrait-traverser-latlantique\/"},"modified":"2020-05-24T15:13:16","modified_gmt":"2020-05-24T19:13:16","slug":"international-brescia-balotelli-pourrait-traverser-latlantique","status":"publish","type":"post","link":"https:\/\/linitiative.ca\/International\/international-brescia-balotelli-pourrait-traverser-latlantique\/","title":{"rendered":"International : Brescia : Balotelli pourrait traverser l\u2019Atlantique"},"content":{"rendered":"<div readability=\"32\">\n<p>Auteur : <span class=\"time\">dimanche 24 mai 2020 14:30<\/span><\/p>\n<\/div>\n<div id=\"post_core\" readability=\"40\">\n<p>Balotelli ne manque d\u2019ailleurs pas de concurrents et plus pr\u00e9cis\u00e9ment au Br\u00e9sil o\u00f9 trois \u00e9curies se battraient pour ses services. Selon Les-Transferts et La Gazzetta dello Sport, Flamengo, Botafogo et Vasco de Gama souhaiteraient signer l\u2019ancien Marseillais et Ni\u00e7ois. \u00c2g\u00e9 de 29 ans, l\u2019avant-centre qui a encore 2 ans de contrat n\u2019a inscrit que cinq petits buts cette saison en championnat.<\/p>\n<p><strong>Publi\u00e9 dans :<\/strong> <span>Brescia : Mario Balotelli<\/span><\/p>\n<\/div>\n<p>Auteur:<br \/>\n<a href=\"http:\/\/www.lebuteur.com\/article\/detail?titre=brescia-balotelli-pourrait-traverser-latlantique&#038;id=96036&#038;utm_source=feedburner&#038;utm_medium=feed&#038;utm_campaign=Feed%3A+GalerieFArtciles+%28Les+derniers+articles++-+lebuteur.com%29\">Cliquez ici pour lire l&rsquo;article depuis sa source.<\/a><\/p>\n","protected":false},"excerpt":{"rendered":"<p>Auteur : dimanche 24 mai 2020 14:30 Balotelli ne manque d\u2019ailleurs pas de concurrents et plus pr\u00e9cis\u00e9ment au Br\u00e9sil o\u00f9 trois \u00e9curies se battraient pour ses services. Selon Les-Transferts et La Gazzetta dello Sport, Flamengo, Botafogo et Vasco de Gama souhaiteraient signer l\u2019ancien Marseillais et Ni\u00e7ois. \u00c2g\u00e9 de 29 ans, l\u2019avant-centre qui a encore 2 [&hellip;]<\/p>\n","protected":false},"author":1738,"featured_media":86546,"comment_status":"closed","ping_status":"closed","sticky":false,"template":"","format":"standard","meta":{"fifu_image_url":"","fifu_image_alt":"","footnotes":""},"categories":[53,75],"tags":[],"class_list":["post-86545","post","type-post","status-publish","format-standard","has-post-thumbnail","hentry","category-algerie","category-sport"],"_links":{"self":[{"href":"https:\/\/linitiative.ca\/International\/wp-json\/wp\/v2\/posts\/86545","targetHints":{"allow":["GET"]}}],"collection":[{"href":"https:\/\/linitiative.ca\/International\/wp-json\/wp\/v2\/posts"}],"about":[{"href":"https:\/\/linitiative.ca\/International\/wp-json\/wp\/v2\/types\/post"}],"author":[{"embeddable":true,"href":"https:\/\/linitiative.ca\/International\/wp-json\/wp\/v2\/users\/1738"}],"replies":[{"embeddable":true,"href":"https:\/\/linitiative.ca\/International\/wp-json\/wp\/v2\/comments?post=86545"}],"version-history":[{"count":0,"href":"https:\/\/linitiative.ca\/International\/wp-json\/wp\/v2\/posts\/86545\/revisions"}],"wp:featuredmedia":[{"embeddable":true,"href":"https:\/\/linitiative.ca\/International\/wp-json\/"}],"wp:attachment":[{"href":"https:\/\/linitiative.ca\/International\/wp-json\/wp\/v2\/media?parent=86545"}],"wp:term":[{"taxonomy":"category","embeddable":true,"href":"https:\/\/linitiative.ca\/International\/wp-json\/wp\/v2\/categories?post=86545"},{"taxonomy":"post_tag","embeddable":true,"href":"https:\/\/linitiative.ca\/International\/wp-json\/wp\/v2\/tags?post=86545"}],"curies":[{"name":"wp","href":"https:\/\/api.w.org\/{rel}","templated":true}]}}