{"id":86551,"date":"2020-05-24T06:30:00","date_gmt":"2020-05-24T10:30:00","guid":{"rendered":"https:\/\/linitiative.ca\/International\/le-president-de-la-republique-adresse-ses-voeux-aux-elements-de-lanp-et-des-differents-corps-constitues-a-loccasion-de-laid\/"},"modified":"2020-05-24T06:30:00","modified_gmt":"2020-05-24T10:30:00","slug":"le-president-de-la-republique-adresse-ses-voeux-aux-elements-de-lanp-et-des-differents-corps-constitues-a-loccasion-de-laid","status":"publish","type":"post","link":"https:\/\/linitiative.ca\/International\/le-president-de-la-republique-adresse-ses-voeux-aux-elements-de-lanp-et-des-differents-corps-constitues-a-loccasion-de-laid\/","title":{"rendered":"Le Pr\u00e9sident de la R\u00e9publique adresse ses v\u0153ux aux \u00e9l\u00e9ments de l&rsquo;ANP  et des diff\u00e9rents corps constitu\u00e9s \u00e0 l&rsquo;occasion de l&rsquo;Aid"},"content":{"rendered":"<div readability=\"39\">\n<p class=\"c7\"><strong class=\"c24\">ALGER &#8211; Le Pr\u00e9sident de la R\u00e9publique, Abdelmadjid Tebboune, a pr\u00e9sent\u00e9 dimanche, \u00e0 l\u2019occasion de l&rsquo;Aid El Fitr, ses v\u0153ux aux \u00e9l\u00e9ments de l\u2019Arm\u00e9e nationale populaire (ANP) et des corps de s\u00e9curit\u00e9, ainsi qu\u2019aux travailleurs du corps m\u00e9dical et param\u00e9dical.<\/strong><\/p>\n<\/div>\n<div readability=\"55\">\n<p class=\"c7\">\u00ab\u00a0A tous les vaillants \u00e9l\u00e9ments de l\u2019ANP, officiers, sous-officiers et soldats, plus particuli\u00e8rement, ceux qui sont d\u00e9ploy\u00e9s le long de nos fronti\u00e8res, je vous souhaite une heureuse f\u00eate de l\u2019A\u00efd. Je prie Dieu le Tout puissant de guider nos pas au mieux des int\u00e9r\u00eats de notre ch\u00e8re patrie\u00a0\u00bb, a \u00e9crit le Pr\u00e9sident de la R\u00e9publique sur son compte Tweeter.<\/p>\n<p class=\"c7\">Adressant \u00e9galement les v\u0153ux \u00e0 tous les \u00e9l\u00e9ments de la Gendarmerie nationale (GN), de la Police et de la Protection civile, le Pr\u00e9sident de la R\u00e9publique a \u00e9crit : \u00ab\u00a0Que votre A\u00efd soit b\u00e9ni et joyeux. Vous \u00eates la force de notre pays, puisse Dieu le pr\u00e9server de tout malheur\u00a0\u00bb.<\/p>\n<p class=\"c7\">Le Pr\u00e9sident de la R\u00e9publique a souhait\u00e9 \u00ab\u00a0une joyeuse f\u00eate de l\u2019A\u00efd \u00e0 tous les m\u00e9decins et param\u00e9dicaux et \u00e0 tous ceux qui sont en premi\u00e8res lignes face \u00e0 l\u2019\u00e9pid\u00e9mie de Covid-19\u00bb.<\/p>\n<p class=\"c7\">Et d\u2019ajouter : \u00ab\u00a0Nous n&rsquo;oublierons jamais vos sacrifices pour l\u2019Alg\u00e9rie, que Dieu guide vos pas vers davantage de succ\u00e8s et pr\u00e9serve notre pays\u00a0\u00bb.<\/p>\n<\/div>\n<p>Auteur: elmoudjahid<br \/>\n<a href=\"http:\/\/www.elmoudjahid.com\/fr\/actualites\/153789\">Cliquez ici pour lire l&rsquo;article depuis sa source.<\/a><\/p>\n","protected":false},"excerpt":{"rendered":"<p>ALGER &#8211; Le Pr\u00e9sident de la R\u00e9publique, Abdelmadjid Tebboune, a pr\u00e9sent\u00e9 dimanche, \u00e0 l\u2019occasion de l&rsquo;Aid El Fitr, ses v\u0153ux aux \u00e9l\u00e9ments de l\u2019Arm\u00e9e nationale populaire (ANP) et des corps de s\u00e9curit\u00e9, ainsi qu\u2019aux travailleurs du corps m\u00e9dical et param\u00e9dical. \u00ab\u00a0A tous les vaillants \u00e9l\u00e9ments de l\u2019ANP, officiers, sous-officiers et soldats, plus particuli\u00e8rement, ceux qui [&hellip;]<\/p>\n","protected":false},"author":1744,"featured_media":0,"comment_status":"closed","ping_status":"closed","sticky":false,"template":"","format":"standard","meta":{"fifu_image_url":"","fifu_image_alt":"","footnotes":""},"categories":[73,53],"tags":[],"class_list":["post-86551","post","type-post","status-publish","format-standard","hentry","category-actualite","category-algerie"],"_links":{"self":[{"href":"https:\/\/linitiative.ca\/International\/wp-json\/wp\/v2\/posts\/86551","targetHints":{"allow":["GET"]}}],"collection":[{"href":"https:\/\/linitiative.ca\/International\/wp-json\/wp\/v2\/posts"}],"about":[{"href":"https:\/\/linitiative.ca\/International\/wp-json\/wp\/v2\/types\/post"}],"author":[{"embeddable":true,"href":"https:\/\/linitiative.ca\/International\/wp-json\/wp\/v2\/users\/1744"}],"replies":[{"embeddable":true,"href":"https:\/\/linitiative.ca\/International\/wp-json\/wp\/v2\/comments?post=86551"}],"version-history":[{"count":0,"href":"https:\/\/linitiative.ca\/International\/wp-json\/wp\/v2\/posts\/86551\/revisions"}],"wp:attachment":[{"href":"https:\/\/linitiative.ca\/International\/wp-json\/wp\/v2\/media?parent=86551"}],"wp:term":[{"taxonomy":"category","embeddable":true,"href":"https:\/\/linitiative.ca\/International\/wp-json\/wp\/v2\/categories?post=86551"},{"taxonomy":"post_tag","embeddable":true,"href":"https:\/\/linitiative.ca\/International\/wp-json\/wp\/v2\/tags?post=86551"}],"curies":[{"name":"wp","href":"https:\/\/api.w.org\/{rel}","templated":true}]}}