{"id":86556,"date":"2020-05-23T19:02:31","date_gmt":"2020-05-23T23:02:31","guid":{"rendered":"https:\/\/linitiative.ca\/International\/adil-bennani-president-de-laivam-il-faut-absolument-retablir-la-confiance\/"},"modified":"2020-05-23T19:02:31","modified_gmt":"2020-05-23T23:02:31","slug":"adil-bennani-president-de-laivam-il-faut-absolument-retablir-la-confiance","status":"publish","type":"post","link":"https:\/\/linitiative.ca\/International\/adil-bennani-president-de-laivam-il-faut-absolument-retablir-la-confiance\/","title":{"rendered":"Adil Bennani, Pr\u00e9sident de l\u2019AIVAM : \u00ab\u00a0Il faut absolument r\u00e9tablir la confiance !\u00a0\u00bb"},"content":{"rendered":"<p><strong>Si la crise sanitaire r\u00e9sultant de la pand\u00e9mie du Coronavirus a eu raison pour l\u2019instant de nombreux secteurs \u00e9conomiques, il en est un qui paie un lourd tribut, \u00e0 savoir celui des importateurs de v\u00e9hicules neufs. \u00c0 travers cet entretien, Adil Bennani, Pr\u00e9sident de l\u2019Association des Importateurs Automobiles au Maroc (AIVAM), nous livre son appr\u00e9ciation quant \u00e0 l\u2019\u00e9tat des lieux actuel du secteur et avance quelques pistes de r\u00e9flexion cens\u00e9es favoriser une reprise de l\u2019activit\u00e9 dans des conditions optimales.<\/strong><\/p>\n<div class=\"c10\"\/>\n<p><strong>Challenge :<\/strong> <strong>Quel bilan faites-vous globalement des pertes cumul\u00e9es par le secteur automobile depuis la crise sanitaire ? \u00a0<\/strong><\/p>\n<p><strong>Adil Bennani :<\/strong> Annuellement, notre secteur repr\u00e9sente quelque chose comme 33 milliards de DH de chiffre d\u2019affaires. Si l\u2019on raisonne \u00e0 hauteur de 5% du r\u00e9sultat net sur un CA de 15 milliards DH, ce sont environ 750 millions de DH de b\u00e9n\u00e9fices qui partiront en fum\u00e9e. Par ailleurs, et selon toute vraisemblance, le march\u00e9 du neuf va enregistrer cette ann\u00e9e une baisse d\u2019environ 50%, soit un volume de vente compris entre 90 000 et 100 000 v\u00e9hicules. Aujourd\u2019hui, vous ne pouvez pas supporter 50 % de baisse de votre activit\u00e9, m\u00eame avec toutes les pistes de compression de charges que vous pouvez imaginer. D\u00e9finitivement, le secteur sera dans le rouge. Certes, quelques op\u00e9rateurs pourront, dans ce contexte, tirer leur \u00e9pingle du jeu, mais cela constitue une minorit\u00e9.\u00a0<\/p>\n<p><strong>Donc la vente est quasiment \u00e0 l\u2019arr\u00eat ? \u00a0<\/strong><\/p>\n<p>Absolument ! Nous puisons dans nos stocks d\u2019avant la crise. Or, les charges, elles, sont fixes. Par cons\u00e9quent, tous les mois nous enregistrons des pertes s\u00e8ches. Le service apr\u00e8s-vente perd en moyenne entre 15 et 20% de son activit\u00e9. Je serais \u00e9tonn\u00e9 que nous puissions r\u00e9aliser 10% de ventes nettes pour ce seul mois de mai.\u00a0<\/p>\n<p><strong>Comment le secteur va-t-il se relever d\u2019un tel cataclysme ?\u00a0<\/strong><\/p>\n<p>C\u2019est tr\u00e8s difficile \u00e0 dire, mais nous attendons que la vague passe et nous nous mettons en ordre de marche. Il faut absolument que la confiance des m\u00e9nages puisse revenir, car dans un tel contexte de crise sanitaire, l\u2019acquisition d\u2019un v\u00e9hicule ne constitue pas forc\u00e9ment une priorit\u00e9. Et il faut bien entendu que l\u2019\u00e9conomie se redresse, de mani\u00e8re \u00e0 ce que les uns et les autres puissent retrouver cette confiance.\u00a0<\/p>\n<p><strong>Lisez gratuitement Challenge en version PDF en cliquant sur le lien suivant :<\/strong> <a href=\"https:\/\/emag.challenge.ma\/744\/mobile\/index.html\"><strong>https:\/\/emag.challenge.ma\/744\/mobile\/index.html<\/strong><\/a><\/p>\n<p><img decoding=\"async\" src=\"https:\/\/www.challenge.ma\/wp-content\/uploads\/2020\/05\/lire-challenge-744.png\" alt=\"\" class=\"wp-image-141302\" srcset=\"https:\/\/www.challenge.ma\/wp-content\/uploads\/2020\/05\/lire-challenge-744.png 300w, https:\/\/www.challenge.ma\/wp-content\/uploads\/2020\/05\/lire-challenge-744-174x300.png 174w\" sizes=\"(max-width: 300px) 100vw, 300px\"\/><\/p>\n<div class=\"c17\">\n<fieldset class=\"c16\">\n<legend><strong><span class=\"c11\">Challenge<\/span><span class=\"c12\">news<\/span><\/strong><\/legend>\n<div class=\"c15\">Le meilleur de Challenge s\u00e9lectionn\u00e9 par la r\u00e9daction :<\/p>\n<\/div>\n<\/fieldset>\n<\/div>\n<p>Auteur: David J\u00e9r\u00e9mie<br \/>\n<a href=\"https:\/\/www.challenge.ma\/il-faut-absolument-retablir-la-confiance-141450\/\">Cliquez ici pour lire l&rsquo;article depuis sa source.<\/a><\/p>\n","protected":false},"excerpt":{"rendered":"<p>Si la crise sanitaire r\u00e9sultant de la pand\u00e9mie du Coronavirus a eu raison pour l\u2019instant de nombreux secteurs \u00e9conomiques, il en est un qui paie un lourd tribut, \u00e0 savoir celui des importateurs de v\u00e9hicules neufs. \u00c0 travers cet entretien, Adil Bennani, Pr\u00e9sident de l\u2019Association des Importateurs Automobiles au Maroc (AIVAM), nous livre son appr\u00e9ciation [&hellip;]<\/p>\n","protected":false},"author":1787,"featured_media":86557,"comment_status":"closed","ping_status":"closed","sticky":false,"template":"","format":"standard","meta":{"fifu_image_url":"","fifu_image_alt":"","footnotes":""},"categories":[78,54],"tags":[],"class_list":["post-86556","post","type-post","status-publish","format-standard","has-post-thumbnail","hentry","category-economie","category-maroc"],"_links":{"self":[{"href":"https:\/\/linitiative.ca\/International\/wp-json\/wp\/v2\/posts\/86556","targetHints":{"allow":["GET"]}}],"collection":[{"href":"https:\/\/linitiative.ca\/International\/wp-json\/wp\/v2\/posts"}],"about":[{"href":"https:\/\/linitiative.ca\/International\/wp-json\/wp\/v2\/types\/post"}],"author":[{"embeddable":true,"href":"https:\/\/linitiative.ca\/International\/wp-json\/wp\/v2\/users\/1787"}],"replies":[{"embeddable":true,"href":"https:\/\/linitiative.ca\/International\/wp-json\/wp\/v2\/comments?post=86556"}],"version-history":[{"count":0,"href":"https:\/\/linitiative.ca\/International\/wp-json\/wp\/v2\/posts\/86556\/revisions"}],"wp:featuredmedia":[{"embeddable":true,"href":"https:\/\/linitiative.ca\/International\/wp-json\/"}],"wp:attachment":[{"href":"https:\/\/linitiative.ca\/International\/wp-json\/wp\/v2\/media?parent=86556"}],"wp:term":[{"taxonomy":"category","embeddable":true,"href":"https:\/\/linitiative.ca\/International\/wp-json\/wp\/v2\/categories?post=86556"},{"taxonomy":"post_tag","embeddable":true,"href":"https:\/\/linitiative.ca\/International\/wp-json\/wp\/v2\/tags?post=86556"}],"curies":[{"name":"wp","href":"https:\/\/api.w.org\/{rel}","templated":true}]}}