{"id":86560,"date":"2020-05-24T12:09:51","date_gmt":"2020-05-24T16:09:51","guid":{"rendered":"https:\/\/linitiative.ca\/International\/quel-nouveau-modele-economique-pour-le-maroc-dapres-covid-19\/"},"modified":"2020-05-24T12:09:51","modified_gmt":"2020-05-24T16:09:51","slug":"quel-nouveau-modele-economique-pour-le-maroc-dapres-covid-19","status":"publish","type":"post","link":"https:\/\/linitiative.ca\/International\/quel-nouveau-modele-economique-pour-le-maroc-dapres-covid-19\/","title":{"rendered":"Quel nouveau mod\u00e8le \u00e9conomique pour le Maroc d\u2019apr\u00e8s Covid-19 ?"},"content":{"rendered":"<p><strong>De l\u2019avis de tous les experts, le mod\u00e8le de d\u00e9veloppement adopt\u00e9 par le Maroc depuis trois d\u00e9cennies (c\u2019est-\u00e0-dire depuis le Plan d\u2019Ajustement Structurel) est arriv\u00e9 \u00e0 bout de souffle. Sa Majest\u00e9 l\u2019a soulign\u00e9 et a mis en place une Commission pour revoir ses fondements et proposer une nouvelle approche plus efficace et plus performante. \u00a0<\/strong><\/p>\n<div class=\"c10\"\/>\n<p>Certes le mod\u00e8le actuel a permis au Maroc de doubler son PIB en moins de deux d\u00e9cennies, mais il est rest\u00e9 en de\u00e7\u00e0 des ambitions en ce qui concerne la lutte contre la pauvret\u00e9, l\u2019emploi des jeunes, le renforcement des capacit\u00e9s de la classe moyenne et la r\u00e9duction des \u00e9carts entre les riches et les pauvres et entre les r\u00e9gions. Par ailleurs, le Maroc est encore loin d\u2019int\u00e9grer pleinement l\u2019\u00e9conomie de savoir fort cr\u00e9atrice de valeur ajout\u00e9e et de richesses. Le grand d\u00e9fi a \u00e9t\u00e9 pendant deux d\u00e9cennies, l\u2019incapacit\u00e9 de l\u2019\u00e9conomie marocaine \u00e0 r\u00e9aliser plus qu\u2019une moyenne de croissance de moins de 4 % annuelle malgr\u00e9 l\u2019effort consid\u00e9rable en mati\u00e8re d\u2019investissement public et priv\u00e9, en plus des IDE.<\/p>\n<p>La rentabilit\u00e9 de l\u2019investissement en mati\u00e8re de cr\u00e9ation de richesses et d\u2019emploi reste \u00e9galement faible par rapport \u00e0 d\u2019autres pays qui mettent en place un effort d\u2019investissement similaire. La doctrine r\u00e9galienne de \u201ctrickle-down economics\u201d n\u2019a pas donn\u00e9 les fruits escompt\u00e9s par les n\u00e9o-lib\u00e9raux. Les incitations consenties en faveur du capital n\u2019ont pas filtr\u00e9 en emplois et richesses vers les classes moyennes et vuln\u00e9rables!.\u00a0 Par ailleurs, les choix strat\u00e9giques d\u2019arrimer l\u2019\u00e9conomie \u00e0 l\u2019Europe n\u2019ont pas \u00e9t\u00e9 dans un souci de b\u00e2tir un partenariat \u00e9gal et juste ! En fait, ces choix ont cr\u00e9\u00e9 une d\u00e9pendance structurelle puisque l\u2019\u00e9conomie marocaine a servi d\u2019une part de fournisseur de mati\u00e8res premi\u00e8res, de produits agricoles et de pi\u00e8ces de rechange, et d\u2019autre part d\u2019arri\u00e8re cour pour les politiques de d\u00e9localisation, et d\u2019ex\u00e9cutant des commandes des donneurs d\u2019ordre de textiles et de maroquinerie.\u00a0<\/p>\n<p>Le rendement du \u201cpartenariat\u201d avec l\u2019Europe en mati\u00e8re du renforcement du tissu industriel national et de l\u2019\u00e9mergence d\u2019une \u00e9conomie nationale forte qui r\u00e9pond aux besoins de la soci\u00e9t\u00e9 en mati\u00e8re de richesses et d\u2019emploi a \u00e9t\u00e9 faible. La croissance timide de l\u2019\u00e9conomie marocaine (d\u00e9passant \u00e0 peine la facture environnementale qui est \u00e9valu\u00e9e \u00e0 3.7 % du PIB annuellement) est due selon le rapport de la Banque mondiale (le Maroc \u00e0 l\u2019horizon 2040 \u2013 Investir dans le capital immat\u00e9riel pour acc\u00e9l\u00e9rer l\u2019\u00e9mergence \u00e9conomique) \u00e0 une d\u00e9pendance quasi-totale du capital fixe pour sa croissance ! Le capital fixe se situe \u00e0 5 % du PIB, mais pour arriver \u00e0 une croissance soutenue de 6 \u00e0 7 % de l\u2019\u00e9conomie il faut que ce capital arrive \u00e0 50 % du PIB, chose insoutenable vu que l\u2019\u00e9pargne ne d\u00e9passe pas 30 % du PIB; chercher les 20 % qui restent dans la dette ne peut se faire sans mettre en p\u00e9ril l\u2019\u00e9quilibre fragile (nonobstant d\u00e9ficitaire) de la balance des paiements. Les relais de croissance additionnels possibles se trouvent au niveau du march\u00e9 de l\u2019emploi et du capital immat\u00e9riel. Seulement 46% des Marocains travaillent (23% au niveau des femmes) selon le m\u00eame rapport! Ouvrir le march\u00e9 de l\u2019emploi par le biais de nouvelles formes innovantes et flexibles de contractualisation, la promotion de l\u2019auto-emploi, l\u2019entreprenariat social et collectif, l\u2019\u00e9conomie sociale, la gestion des carri\u00e8res, la promotion de nouveaux m\u00e9tiers, l\u2019employabilit\u00e9 durant la formation, la promotion de l\u2019innovation technologique \u2013 permettrait au Maroc d\u2019arriver \u00e0 56 % de taux d\u2019emploi et de gagner au moins un point additionnel de croissance. Un \u00e0 deux points est \u00e0 chercher dans le renforcement du syst\u00e8me de gouvernance, la transparence dans l\u2019octroi du foncier et du capital, dans des institutions fortes et redevables, un tissu associatif fort, une participation des femmes plus soutenue, l\u2019innovation, la recherche et le savoir. C\u2019est le capital immat\u00e9riel.\u00a0<\/p>\n<p><strong>Lire aussi |<\/strong> <a rel=\"noreferrer noopener\" aria-label=\"Ce que vous devez savoir sur le coronavirus (s&#x2019;ouvre dans un nouvel onglet)\" href=\"https:\/\/www.challenge.ma\/ce-que-vous-devez-savoir-sur-le-coronavirus-134568\/\" target=\"_blank\"><strong>Ce que vous devez savoir sur le coronavirus<\/strong><\/a><\/p>\n<p>\u00c0 mon avis, les r\u00e9gions sont \u00e9galement appel\u00e9es \u00e0 jouer un r\u00f4le de relai de croissance d\u2019au moins un point du PIB! Une vraie r\u00e9gionalisation bas\u00e9e sur une vision claire du potentiel \u00e9conomique r\u00e9gional et des comp\u00e9tences de planification et suivi et \u00e9valuation! Les r\u00e9gions actuelles ne sont ni plus ni moins qu\u2019une autre couche de plus dans une gouvernance mal lotie! Il faut d\u00e9passer ce mod\u00e8le de r\u00e9gionalisation n\u00e9 en forceps dans le cadre d\u2019une fuite en avant politicienne! Il faut revoir compl\u00e8tement la formule et aller de l\u2019avant dans le sens d\u2019une vision de la r\u00e9gion comme locomotive de politique favorisant la mise en exergue des richesses humaines, culturelles et \u00e9conomiques des diff\u00e9rents terroirs!\u00a0 En outre, la r\u00e9duction de la facture environnementale, via l\u2019\u00e9conomie verte, les \u00e9nergies renouvelables, l\u2019efficacit\u00e9 \u00e9nerg\u00e9tique, l\u2019\u00e9conomie circulaire, aiderait \u00e0 r\u00e9duire la facture \u00e9cologique d\u2019au moins un point. Le total serait au moins 7 % de croissance soutenue sur 20 ans pour gagner le ticket d\u2019entr\u00e9e au club des \u00e9mergents! L\u2019\u00e9mergence n\u2019est pas un slogan mais un travail de longue haleine, de suivi strat\u00e9gique intelligent et agile. Qu\u2019est-ce qui a chang\u00e9 avec le Coronavirus ? La pand\u00e9mie a redonn\u00e9 la confiance des marocains en eux-m\u00eames, leurs capacit\u00e9s, leurs comp\u00e9tences, leur sens de vivre-ensemble! C\u2019est un capital \u00e0 ne pas g\u00e2cher! Il faut mobiliser tout le monde autour d\u2019une vison de l\u2019avenir, r\u00e9aliste et r\u00e9alisable! Mais il faut prendre en consid\u00e9ration l\u2019imp\u00e9ratif de la s\u00e9curit\u00e9 sanitaire! Il faut qu\u2019on soit pr\u00eats pour la prochaine \u00e9pid\u00e9mie en lits de r\u00e9animation, en ressources humaines, en recherche scientifique dans le domaine de la sant\u00e9 publique! La sant\u00e9, une priorit\u00e9 nationale aujourd\u2019hui et demain! La s\u00e9curit\u00e9 alimentaire est \u00e9galement vitale pour un Maroc souverain et pas trop d\u00e9pendant de l\u2019\u00e9tranger! R\u00e9orienter notre politique agricole vers un mod\u00e8le solidaire, cr\u00e9ant l\u2019autosuffisance et l\u2019\u00e9change dans le cadre de communaut\u00e9s durables et cr\u00e9atrices de produits de terroir \u00e0 consommation locale est un virement strat\u00e9gique incontournable !<\/p>\n<p>Il faut revoir notre politique de culture du bl\u00e9 et de l\u2019orge: il faut qu\u2019on arrive \u00e0 une autosuffisance via une productivit\u00e9 \u00e9gale aux leaders internationaux tels les USA, l\u2019Ukraine ou l\u2019Australie. Coronavirus a \u00e9galement montr\u00e9 combien l\u2019innovation et la technologie sont fondamentales comme sources de solutions \u00e0 nos probl\u00e8mes! Investir dans la science, la cr\u00e9ativit\u00e9 et les inventions technologiques pour r\u00e9pondre aux besoins de la soci\u00e9t\u00e9 et de l\u2019\u00e9conomie, n\u2019est plus un luxe! C\u2019est un acte de souverainet\u00e9! Il est essentiel pour mettre en place les jalons d\u2019une \u00e9conomie nationale forte bas\u00e9e en premier lieu sur la demande interne, et sur une base industrielle forte et une classe moyenne capable et consommatrice des biens et services nationaux! Ce n\u2019est pas un retour \u00e0 un nationalisme primaire ou \u00e0 un protectionnisme r\u00e9volu! Mais c\u2019est la condition sine qua non d\u2019une vraie rentr\u00e9e dans le circuit de la mondialisation: en acteur solide et partenaire incontournable de l\u2019Europe et des autres pays du globe.<\/p>\n<p><strong>Par Lahcen Haddad\u00a0<\/strong><\/p>\n<div class=\"c17\">\n<fieldset class=\"c16\">\n<legend><strong><span class=\"c11\">Challenge<\/span><span class=\"c12\">news<\/span><\/strong><\/legend>\n<div class=\"c15\">Le meilleur de Challenge s\u00e9lectionn\u00e9 par la r\u00e9daction :<\/p>\n<\/div>\n<\/fieldset>\n<\/div>\n<p>Auteur: challenge<br \/>\n<a href=\"https:\/\/www.challenge.ma\/quel-nouveau-modele-economique-pour-le-maroc-dapres-covid-19-141467\/\">Cliquez ici pour lire l&rsquo;article depuis sa source.<\/a><\/p>\n","protected":false},"excerpt":{"rendered":"<p>De l\u2019avis de tous les experts, le mod\u00e8le de d\u00e9veloppement adopt\u00e9 par le Maroc depuis trois d\u00e9cennies (c\u2019est-\u00e0-dire depuis le Plan d\u2019Ajustement Structurel) est arriv\u00e9 \u00e0 bout de souffle. Sa Majest\u00e9 l\u2019a soulign\u00e9 et a mis en place une Commission pour revoir ses fondements et proposer une nouvelle approche plus efficace et plus performante. \u00a0 [&hellip;]<\/p>\n","protected":false},"author":1787,"featured_media":0,"comment_status":"closed","ping_status":"closed","sticky":false,"template":"","format":"standard","meta":{"fifu_image_url":"","fifu_image_alt":"","footnotes":""},"categories":[78,54],"tags":[],"class_list":["post-86560","post","type-post","status-publish","format-standard","hentry","category-economie","category-maroc"],"_links":{"self":[{"href":"https:\/\/linitiative.ca\/International\/wp-json\/wp\/v2\/posts\/86560","targetHints":{"allow":["GET"]}}],"collection":[{"href":"https:\/\/linitiative.ca\/International\/wp-json\/wp\/v2\/posts"}],"about":[{"href":"https:\/\/linitiative.ca\/International\/wp-json\/wp\/v2\/types\/post"}],"author":[{"embeddable":true,"href":"https:\/\/linitiative.ca\/International\/wp-json\/wp\/v2\/users\/1787"}],"replies":[{"embeddable":true,"href":"https:\/\/linitiative.ca\/International\/wp-json\/wp\/v2\/comments?post=86560"}],"version-history":[{"count":0,"href":"https:\/\/linitiative.ca\/International\/wp-json\/wp\/v2\/posts\/86560\/revisions"}],"wp:attachment":[{"href":"https:\/\/linitiative.ca\/International\/wp-json\/wp\/v2\/media?parent=86560"}],"wp:term":[{"taxonomy":"category","embeddable":true,"href":"https:\/\/linitiative.ca\/International\/wp-json\/wp\/v2\/categories?post=86560"},{"taxonomy":"post_tag","embeddable":true,"href":"https:\/\/linitiative.ca\/International\/wp-json\/wp\/v2\/tags?post=86560"}],"curies":[{"name":"wp","href":"https:\/\/api.w.org\/{rel}","templated":true}]}}